{"id":32126,"date":"2017-12-18T09:54:21","date_gmt":"2017-12-18T11:54:21","guid":{"rendered":"https:\/\/www.anamt.org.br\/portal\/?p=32126"},"modified":"2017-12-18T09:54:21","modified_gmt":"2017-12-18T11:54:21","slug":"camara-concede-titulo-de-cidadao-a-medica-do-trabalho-jandira-dantas-em-recife","status":"publish","type":"post","link":"https:\/\/www.anamt.org.br\/portal\/2017\/12\/18\/camara-concede-titulo-de-cidadao-a-medica-do-trabalho-jandira-dantas-em-recife\/","title":{"rendered":"C\u00e2mara concede T\u00edtulo de Cidad\u00e3o \u00e0 m\u00e9dica do trabalho Jandira Dantas em Recife"},"content":{"rendered":"<p>Aos 86 anos e com a simplicidade de quem conhece a vida, a m\u00e9dica do Trabalho Jandira Dantas Machado, emocionou e arrancou risos da plateia, ao receber o T\u00edtulo de Cidad\u00e3 do Recife hoje, 15, concedido pelo vereador Jairo Britto (PT), na C\u00e2mara Municipal. A paix\u00e3o pela Sa\u00fade do Trabalhador come\u00e7ou quando ela visitou pela primeira vez um parque industrial, a da F\u00e1brica de Tecidos Paulista, impressionando-a de tal modo que nunca mais se distanciou da causa. J\u00e1 foi rotulada de \u201cmaluca\u201d, porque de medicina do trabalho ningu\u00e9m tinha ouvido falar naquela \u00e9poca. Mas ela abra\u00e7ou a causa e batalhou pelo que acreditava.<\/p>\n<p>A doutora Jandira Dantas, com emo\u00e7\u00e3o e do alto de seus quase 86 anos de vida e caminhada, optou por um discurso aonde n\u00e3o falou de seu trabalho, t\u00e3o decantado por todos. Preferiu falar de amor e de amizade. Nominou a cada uma das pessoas na plateia, com a voz curta, inaud\u00edvel \u00e0s vezes, por\u00e9m firme. Aqui estavam seus familiares, filhos, irm\u00e3os netos e amigos, muitos amigos. E n\u00e3o podia ser diferente em se tratando de algu\u00e9m cuja vida escreveria muitos livros. Mas a humildade \u00e9 parte daqueles que fazem muito e fazem bem feito. N\u00e3o precisam falar de si mesmos. A estrada que percorreram \u00e9 o melhor curriculum. E a de Jandira Dantas \u00e9 exemplar. De dar inveja, da boa, claro.<\/p>\n<p>E foi isso que o vereador Jairo Britto n\u00e3o poupou elogios \u00e0 trajet\u00f3ria dela. Ressaltou o\u00a0 carinho e paix\u00e3o que ela sempre teve pela Medicina do Trabalho, fazendo per\u00edcias para a Justi\u00e7a do Trabalho, realizando aperfei\u00e7oamento no Brasil e no estrangeiro, ou ainda como consultora de empresas de nosso Estado. Contou um pouco da vida dela, que nasceu em Ros\u00e1rio do Catete, Sergipe, em 1931, e veio para o Recife em 1939, com apenas oito anos de idade. Estudou na antiga Escola Normal de Pernambuco (hoje Instituto de Educa\u00e7\u00e3o de Pernambuco). Fez Faculdade de Medicina do Recife, em 1950.<\/p>\n<p>Continuou na luta e na paix\u00e3o pela Medicina do Trabalho. Foi diretora da Divis\u00e3o de Seguran\u00e7a e Medicina do Trabalho durante oito anos na Delegacia Regional do Trabalho \u2013 DRT\/ Recife-PE.\u00a0 Desenvolveu pesquisas em pedreiras, salinas, padarias, e junto ao trabalhador da cana-de-a\u00e7\u00facar. Organizou o Curso de T\u00e9cnico de Seguran\u00e7a do Trabalho, na Escola T\u00e9cnica Federal Recife-PE (1973). Mas contar tudo, encheria p\u00e1ginas.<\/p>\n<p>De fato. A vida de Jandira daria muitos livros e por isso \u00e9 merecedora desta homenagem. Tanto assim, que Roberto Dantas, representante da Fundacentro, e sobrinho da m\u00e9dica se desfez em mesuras para a tia Janda. Tem explica\u00e7\u00e3o. Jandira Dantas, al\u00e9m de colega de Fundacentro, tamb\u00e9m \u00e9 tia dele. Por isso tanta emo\u00e7\u00e3o em prestar homenagem para ela.<\/p>\n<p><em>(Fonte: C\u00e2mara Municipal do Recife)<\/em><\/p>\n","protected":false},"excerpt":{"rendered":"<p>Aos 86 anos e com a simplicidade de quem conhece a vida, a m\u00e9dica do Trabalho Jandira Dantas Machado, emocionou e arrancou risos da plateia, ao receber o T\u00edtulo de Cidad\u00e3 do Recife hoje, 15, concedido pelo vereador Jairo Britto (PT), na C\u00e2mara Municipal. A paix\u00e3o pela Sa\u00fade do Trabalhador come\u00e7ou quando ela visitou pela [&hellip;]<\/p>\n","protected":false},"author":1,"featured_media":32127,"comment_status":"closed","ping_status":"closed","sticky":false,"template":"","format":"standard","meta":{"footnotes":""},"categories":[78],"tags":[],"_links":{"self":[{"href":"https:\/\/www.anamt.org.br\/portal\/wp-json\/wp\/v2\/posts\/32126"}],"collection":[{"href":"https:\/\/www.anamt.org.br\/portal\/wp-json\/wp\/v2\/posts"}],"about":[{"href":"https:\/\/www.anamt.org.br\/portal\/wp-json\/wp\/v2\/types\/post"}],"author":[{"embeddable":true,"href":"https:\/\/www.anamt.org.br\/portal\/wp-json\/wp\/v2\/users\/1"}],"replies":[{"embeddable":true,"href":"https:\/\/www.anamt.org.br\/portal\/wp-json\/wp\/v2\/comments?post=32126"}],"version-history":[{"count":0,"href":"https:\/\/www.anamt.org.br\/portal\/wp-json\/wp\/v2\/posts\/32126\/revisions"}],"wp:featuredmedia":[{"embeddable":true,"href":"https:\/\/www.anamt.org.br\/portal\/wp-json\/wp\/v2\/media\/32127"}],"wp:attachment":[{"href":"https:\/\/www.anamt.org.br\/portal\/wp-json\/wp\/v2\/media?parent=32126"}],"wp:term":[{"taxonomy":"category","embeddable":true,"href":"https:\/\/www.anamt.org.br\/portal\/wp-json\/wp\/v2\/categories?post=32126"},{"taxonomy":"post_tag","embeddable":true,"href":"https:\/\/www.anamt.org.br\/portal\/wp-json\/wp\/v2\/tags?post=32126"}],"curies":[{"name":"wp","href":"https:\/\/api.w.org\/{rel}","templated":true}]}}