{"id":32032,"date":"2017-12-04T10:01:21","date_gmt":"2017-12-04T12:01:21","guid":{"rendered":"https:\/\/www.anamt.org.br\/portal\/?p=32032"},"modified":"2017-12-04T10:01:21","modified_gmt":"2017-12-04T12:01:21","slug":"esocial-sera-implantado-em-cinco-fases-a-partir-de-janeiro-de-2018","status":"publish","type":"post","link":"https:\/\/www.anamt.org.br\/portal\/2017\/12\/04\/esocial-sera-implantado-em-cinco-fases-a-partir-de-janeiro-de-2018\/","title":{"rendered":"eSocial ser\u00e1 implantado em cinco fases a partir de janeiro de 2018"},"content":{"rendered":"<p>O Comit\u00ea Gestor do eSocial anunciou nesta quarta-feira (29) o cronograma de implanta\u00e7\u00e3o do programa, que ser\u00e1 instaurado em cinco fases a partir do primeiro semestre de 2018. Neste primeiro momento, a medida \u00e9 voltada para empresas com faturamento superior a R$ 78 milh\u00f5es anuais, que passam ter a utiliza\u00e7\u00e3o obrigat\u00f3ria do programa a partir de 8 de janeiro de 2018. Esse grupo representa 13.707 mil empresas e cerca de 15 milh\u00f5es de trabalhadores, o que representa aproximadamente 1\/3 do total de trabalhadores do pa\u00eds.<\/p>\n<p>A implanta\u00e7\u00e3o em cinco fases tamb\u00e9m ser\u00e1 adotada para as demais empresas privadas do pa\u00eds, incluindo micros e pequenas empresas e MEIs que possuam empregados, cuja utiliza\u00e7\u00e3o obrigat\u00f3ria est\u00e1 prevista para 16 de julho do ano que vem. J\u00e1 para os \u00f3rg\u00e3os p\u00fablicos, o eSocial torna-se obrigat\u00f3rio a partir de 14 de janeiro de 2019. Quando totalmente implementado, o eSocial reunir\u00e1 informa\u00e7\u00f5es de mais de 44 milh\u00f5es de trabalhadores do setor p\u00fablico e privado do pa\u00eds em um \u00fanico sistema.<\/p>\n<p>Conforme explicou o assessor especial para o eSocial, Altemir Linhares de Melo, em coletiva de imprensa nesta quarta-feira (29), em Bras\u00edlia, o envio de obriga\u00e7\u00f5es pelas empresas em etapas para o eSocial \u00e9 uma resposta do governo \u00e0s solicita\u00e7\u00f5es realizadas pelas empresas e confedera\u00e7\u00f5es participantes do projeto com o objetivo de garantir seguran\u00e7a e efici\u00eancia para a entrada em opera\u00e7\u00e3o do programa. No entanto, Altemir enfatizou que o eSocial est\u00e1 100% pronto para implanta\u00e7\u00e3o e que a ado\u00e7\u00e3o do faseamento foi uma forma de garantir uma entrada em produ\u00e7\u00e3o mais amena e facilitar a adapta\u00e7\u00e3o das empresas ao projeto.<\/p>\n<p>As empresas que descumprirem o envio de informa\u00e7\u00f5es por meio do eSocial estar\u00e3o sujeitos a aplica\u00e7\u00e3o de penalidades e multa. Mas o assessor garantiu que o foco do programa n\u00e3o \u00e9 a penaliza\u00e7\u00e3o, mas garantir o ingresso de todo o mundo do trabalho do pa\u00eds no ambiente tecnol\u00f3gico do eSocial e, sobretudo, estimular o ambiente de neg\u00f3cios do pa\u00eds.<\/p>\n<p>Al\u00e9m disso, Linhares destacou a import\u00e2ncia do eSocial sobre dois aspectos: &#8220;o programa amplia a capacidade de fiscaliza\u00e7\u00e3o do Estado e melhora a formula\u00e7\u00e3o de pol\u00edticas p\u00fablicas do pa\u00eds, j\u00e1 que o governo contar\u00e1 com uma informa\u00e7\u00e3o \u00fanica, consistente e de validade&#8221;, enfatizou.<\/p>\n<p><a href=\"http:\/\/www.protecao.com.br\/_system\/scripts\/download.php?file=upload\/protecao_galeriaarquivo\/1211.pdf\">Confira aqui a resolu\u00e7\u00e3o n\u00ba 1, de 29 de novembro de 2017, publicada no Di\u00e1rio Oficial da Uni\u00e3o. <\/a><\/p>\n<p><b>Confira abaixo o cronograma de implanta\u00e7\u00e3o:<\/p>\n<p><i>Etapa 1 &#8211; Empresas com faturamento anual superior a R$ 78 milh\u00f5es<\/i><\/b><br \/>\nFase 1: Janeiro\/18 &#8211; Apenas informa\u00e7\u00f5es relativas \u00e0s empresas, ou seja, cadastros do empregador e tabelas<\/p>\n<p>Fase 2: Mar\u00e7o\/18: Nesta fase, empresas passam a ser obrigadas a enviar informa\u00e7\u00f5es relativas aos trabalhadores e seus v\u00ednculos com as empresas (eventos n\u00e3o peri\u00f3dicos), como admiss\u00f5es, afastamentos e desligamentos<\/p>\n<p>Fase 3: Maio\/18: Torna-se obrigat\u00f3rio o envio das folhas de pagamento<\/p>\n<p>Fase 4: Julho\/18: Substitui\u00e7\u00e3o da GFIP (Guia de Informa\u00e7\u00f5es \u00e0 Previd\u00eancia Social) e compensa\u00e7\u00e3o cruzada<\/p>\n<p>Fase 5: Janeiro\/19: Na \u00faltima fase, dever\u00e3o ser enviados os dados de seguran\u00e7a e sa\u00fade do trabalhador<br \/>\n<i><b><br \/>\nEtapa 2 &#8211; Demais empresas privadas, incluindo Simples, MEIs e pessoas f\u00edsicas (que possuam empregados)<\/b><\/i><br \/>\nFase 1: Julho\/18 &#8211; Apenas informa\u00e7\u00f5es relativas \u00e0s empresas, ou seja, cadastros do empregador e tabelas<\/p>\n<p>Fase 2: Set\/18: Nesta fase, empresas passam a ser obrigadas a enviar informa\u00e7\u00f5es relativas aos trabalhadores e seus v\u00ednculos com as empresas (eventos n\u00e3o peri\u00f3dicos), como admiss\u00f5es, afastamentos e desligamentos<\/p>\n<p>Fase 3: Nov\/18: Torna-se obrigat\u00f3rio o envio das folhas de pagamento<\/p>\n<p>Fase 4: Janeiro\/19: Substitui\u00e7\u00e3o da GFIP (Guia de informa\u00e7\u00f5es \u00e0 Previd\u00eancia Social) e compensa\u00e7\u00e3o cruzada<\/p>\n<p>Fase 5: Janeiro\/19: Na \u00faltima fase, dever\u00e3o ser enviados os dados de seguran\u00e7a e sa\u00fade do trabalhador<\/p>\n<p><i><b>Etapa 3 &#8211; Entes P\u00fablicos<\/b><\/i><br \/>\nFase 1: Janeiro\/19 &#8211; Apenas informa\u00e7\u00f5es relativas aos \u00f3rg\u00e3os, ou seja, cadastros dos empregadores e tabelas<\/p>\n<p>Fase 2: Mar\u00e7o\/19: Nesta fase, entes passam a ser obrigadas a enviar informa\u00e7\u00f5es relativas aos servidores e seus v\u00ednculos com os \u00f3rg\u00e3os (eventos n\u00e3o peri\u00f3dicos) Ex: admiss\u00f5es, afastamentos e desligamentos<\/p>\n<p>Fase 3: Maio\/19: Torna-se obrigat\u00f3rio o envio das folhas de pagamento<\/p>\n<p>Fase 4: Julho\/19: Substitui\u00e7\u00e3o da GFIP (guia de informa\u00e7\u00f5es \u00e0 Previd\u00eancia) e compensa\u00e7\u00e3o cruzada<\/p>\n<p>Fase 5: Julho\/19: Na \u00faltima fase, dever\u00e3o ser enviados os dados de seguran\u00e7a e sa\u00fade do trabalhador<\/p>\n<p><b>Entenda o eSocial\u00a0\u00a0\u00a0\u00a0\u00a0<\/b><br \/>\nObrigat\u00f3rio no pa\u00eds a partir de janeiro de 2018, o eSocial ser\u00e1 a nova forma de presta\u00e7\u00e3o de informa\u00e7\u00f5es do mundo do trabalho que entrar\u00e1 em vigor no Brasil e integrar\u00e1 a rotina de mais de 18 milh\u00f5es de empregadores e 44 milh\u00f5es de trabalhadores. O eSocial \u00e9 um projeto conjunto do governo federal que integra\u00a0 Minist\u00e9rio do Trabalho, Caixa Econ\u00f4mica, Secretaria de Previd\u00eancia, INSS e Receita Federal.<\/p>\n<p>A iniciativa permitir\u00e1 que todas as empresas brasileiras possam realizar o cumprimento de suas obriga\u00e7\u00f5es fiscais, trabalhistas e previdenci\u00e1rias de forma unificada e organizada, reduzindo custos, processos e tempo gastos hoje pelas empresas com essas a\u00e7\u00f5es.<\/p>\n<p>Na pr\u00e1tica, o eSocial instituir\u00e1 uma forma mais simples, barata e eficiente para que as empresas possam cumprir suas obriga\u00e7\u00f5es com o poder p\u00fablico e com seus pr\u00f3prios funcion\u00e1rios. Quando totalmente implementado, o eSocial representar\u00e1 a substitui\u00e7\u00e3o de 15 presta\u00e7\u00f5es de informa\u00e7\u00f5es ao governo &#8211; como GFIP, RAIS, CAGED e DIRF &#8211; por apenas uma.<\/p>\n<p>Al\u00e9m disso, o eSocial tamb\u00e9m n\u00e3o introduzir\u00e1\u00a0 nenhuma nova obriga\u00e7\u00e3o ao setor empresarial. As informa\u00e7\u00f5es que ser\u00e3o encaminhadas ao programa j\u00e1 precisam ser registradas hoje pelas empresas em diferentes datas e meios, alguns deles ainda em papel.<\/p>\n<p>Al\u00e9m dos avan\u00e7os que traz ao setor produtivo &#8211; por meio da redu\u00e7\u00e3o de burocracia e do ganho de produtividade &#8211; o eSocial tamb\u00e9m beneficiar\u00e1 diretamente a classe trabalhadora, uma vez que ser\u00e1 capaz de assegurar de forma mais efetiva o acesso aos direitos trabalhistas e previdenci\u00e1rios.<\/p>\n<p>A exemplo do m\u00f3dulo do eSocial voltado ao empregador dom\u00e9stico, j\u00e1 em funcionamento desde de 2015, est\u00e1 sendo desenvolvida uma plataforma simplificada que tamb\u00e9m ser\u00e1 direcionada a outras categorias de empregadores como as micro e pequenas empresas, MEIs &#8211; micro empreendedores individuais &#8211; e segurados especiais, por exemplo.<\/p>\n<p><em>(Fonte: Portal eSocial)<\/em><\/p>\n","protected":false},"excerpt":{"rendered":"<p>O Comit\u00ea Gestor do eSocial anunciou nesta quarta-feira (29) o cronograma de implanta\u00e7\u00e3o do programa, que ser\u00e1 instaurado em cinco fases a partir do primeiro semestre de 2018. Neste primeiro momento, a medida \u00e9 voltada para empresas com faturamento superior a R$ 78 milh\u00f5es anuais, que passam ter a utiliza\u00e7\u00e3o obrigat\u00f3ria do programa a partir [&hellip;]<\/p>\n","protected":false},"author":1,"featured_media":30872,"comment_status":"closed","ping_status":"closed","sticky":false,"template":"","format":"standard","meta":{"footnotes":""},"categories":[79],"tags":[],"_links":{"self":[{"href":"https:\/\/www.anamt.org.br\/portal\/wp-json\/wp\/v2\/posts\/32032"}],"collection":[{"href":"https:\/\/www.anamt.org.br\/portal\/wp-json\/wp\/v2\/posts"}],"about":[{"href":"https:\/\/www.anamt.org.br\/portal\/wp-json\/wp\/v2\/types\/post"}],"author":[{"embeddable":true,"href":"https:\/\/www.anamt.org.br\/portal\/wp-json\/wp\/v2\/users\/1"}],"replies":[{"embeddable":true,"href":"https:\/\/www.anamt.org.br\/portal\/wp-json\/wp\/v2\/comments?post=32032"}],"version-history":[{"count":0,"href":"https:\/\/www.anamt.org.br\/portal\/wp-json\/wp\/v2\/posts\/32032\/revisions"}],"wp:featuredmedia":[{"embeddable":true,"href":"https:\/\/www.anamt.org.br\/portal\/wp-json\/wp\/v2\/media\/30872"}],"wp:attachment":[{"href":"https:\/\/www.anamt.org.br\/portal\/wp-json\/wp\/v2\/media?parent=32032"}],"wp:term":[{"taxonomy":"category","embeddable":true,"href":"https:\/\/www.anamt.org.br\/portal\/wp-json\/wp\/v2\/categories?post=32032"},{"taxonomy":"post_tag","embeddable":true,"href":"https:\/\/www.anamt.org.br\/portal\/wp-json\/wp\/v2\/tags?post=32032"}],"curies":[{"name":"wp","href":"https:\/\/api.w.org\/{rel}","templated":true}]}}