{"id":32025,"date":"2017-12-01T13:26:32","date_gmt":"2017-12-01T15:26:32","guid":{"rendered":"https:\/\/www.anamt.org.br\/portal\/?p=32025"},"modified":"2017-12-01T13:27:18","modified_gmt":"2017-12-01T15:27:18","slug":"anamt-participa-da-xxxii-jornada-paranaense-de-saude-ocupacional","status":"publish","type":"post","link":"https:\/\/www.anamt.org.br\/portal\/2017\/12\/01\/anamt-participa-da-xxxii-jornada-paranaense-de-saude-ocupacional\/","title":{"rendered":"ANAMT participa da XXXII Jornada Paranaense de Sa\u00fade Ocupacional"},"content":{"rendered":"<p>O vice-presidente da ANAMT, Dr. Paulo Rebelo, participou nesta quinta-feira (30) da XXXII Jornada Paranaense de Sa\u00fade Ocupacional, da Associa\u00e7\u00e3o Paranaense de Medicina do Trabalho (APAMT) em Foz do Igua\u00e7u (PR). Ele realizou a palestra magna do evento, sobre Planejamento e operacionaliza\u00e7\u00e3o das a\u00e7\u00f5es de sa\u00fade para opera\u00e7\u00f5es na Ant\u00e1rtida.<br \/>\n<img decoding=\"async\" class=\"alignnone size-full wp-image-32026\" src=\"https:\/\/www.anamt.org.br\/portal\/wp-content\/uploads\/2017\/12\/WhatsApp-Image-2017-12-01-at-11.56.26.jpeg\" alt=\"\" width=\"1023\" height=\"551\" srcset=\"https:\/\/www.anamt.org.br\/portal\/wp-content\/uploads\/2017\/12\/WhatsApp-Image-2017-12-01-at-11.56.26-200x108.jpeg 200w, https:\/\/www.anamt.org.br\/portal\/wp-content\/uploads\/2017\/12\/WhatsApp-Image-2017-12-01-at-11.56.26-300x162.jpeg 300w, https:\/\/www.anamt.org.br\/portal\/wp-content\/uploads\/2017\/12\/WhatsApp-Image-2017-12-01-at-11.56.26-400x215.jpeg 400w, https:\/\/www.anamt.org.br\/portal\/wp-content\/uploads\/2017\/12\/WhatsApp-Image-2017-12-01-at-11.56.26-600x323.jpeg 600w, https:\/\/www.anamt.org.br\/portal\/wp-content\/uploads\/2017\/12\/WhatsApp-Image-2017-12-01-at-11.56.26-768x414.jpeg 768w, https:\/\/www.anamt.org.br\/portal\/wp-content\/uploads\/2017\/12\/WhatsApp-Image-2017-12-01-at-11.56.26-800x431.jpeg 800w, https:\/\/www.anamt.org.br\/portal\/wp-content\/uploads\/2017\/12\/WhatsApp-Image-2017-12-01-at-11.56.26.jpeg 1023w\" sizes=\"(max-width: 1023px) 100vw, 1023px\" \/><\/p>\n<p style=\"text-align: center;\"><em>Dr. Paulo, (terceiro, da dir. para a esq.), ministra palestra em evento da APMT<\/em><\/p>\n<p><img decoding=\"async\" class=\"alignnone size-full wp-image-32027\" src=\"https:\/\/www.anamt.org.br\/portal\/wp-content\/uploads\/2017\/12\/WhatsApp-Image-2017-12-01-at-11.56.27.jpeg\" alt=\"\" width=\"1039\" height=\"633\" srcset=\"https:\/\/www.anamt.org.br\/portal\/wp-content\/uploads\/2017\/12\/WhatsApp-Image-2017-12-01-at-11.56.27-200x122.jpeg 200w, https:\/\/www.anamt.org.br\/portal\/wp-content\/uploads\/2017\/12\/WhatsApp-Image-2017-12-01-at-11.56.27-300x183.jpeg 300w, https:\/\/www.anamt.org.br\/portal\/wp-content\/uploads\/2017\/12\/WhatsApp-Image-2017-12-01-at-11.56.27-400x244.jpeg 400w, https:\/\/www.anamt.org.br\/portal\/wp-content\/uploads\/2017\/12\/WhatsApp-Image-2017-12-01-at-11.56.27-600x366.jpeg 600w, https:\/\/www.anamt.org.br\/portal\/wp-content\/uploads\/2017\/12\/WhatsApp-Image-2017-12-01-at-11.56.27-768x468.jpeg 768w, https:\/\/www.anamt.org.br\/portal\/wp-content\/uploads\/2017\/12\/WhatsApp-Image-2017-12-01-at-11.56.27-800x487.jpeg 800w, https:\/\/www.anamt.org.br\/portal\/wp-content\/uploads\/2017\/12\/WhatsApp-Image-2017-12-01-at-11.56.27-1024x624.jpeg 1024w, https:\/\/www.anamt.org.br\/portal\/wp-content\/uploads\/2017\/12\/WhatsApp-Image-2017-12-01-at-11.56.27.jpeg 1039w\" sizes=\"(max-width: 1039px) 100vw, 1039px\" \/><\/p>\n","protected":false},"excerpt":{"rendered":"<p>O vice-presidente da ANAMT, Dr. Paulo Rebelo, participou nesta quinta-feira (30) da XXXII Jornada Paranaense de Sa\u00fade Ocupacional, da Associa\u00e7\u00e3o Paranaense de Medicina do Trabalho (APAMT) em Foz do Igua\u00e7u (PR). Ele realizou a palestra magna do evento, sobre Planejamento e operacionaliza\u00e7\u00e3o das a\u00e7\u00f5es de sa\u00fade para opera\u00e7\u00f5es na Ant\u00e1rtida. Dr. Paulo, (terceiro, da dir. [&hellip;]<\/p>\n","protected":false},"author":1,"featured_media":30783,"comment_status":"closed","ping_status":"closed","sticky":false,"template":"","format":"standard","meta":{"footnotes":""},"categories":[78],"tags":[],"_links":{"self":[{"href":"https:\/\/www.anamt.org.br\/portal\/wp-json\/wp\/v2\/posts\/32025"}],"collection":[{"href":"https:\/\/www.anamt.org.br\/portal\/wp-json\/wp\/v2\/posts"}],"about":[{"href":"https:\/\/www.anamt.org.br\/portal\/wp-json\/wp\/v2\/types\/post"}],"author":[{"embeddable":true,"href":"https:\/\/www.anamt.org.br\/portal\/wp-json\/wp\/v2\/users\/1"}],"replies":[{"embeddable":true,"href":"https:\/\/www.anamt.org.br\/portal\/wp-json\/wp\/v2\/comments?post=32025"}],"version-history":[{"count":0,"href":"https:\/\/www.anamt.org.br\/portal\/wp-json\/wp\/v2\/posts\/32025\/revisions"}],"wp:featuredmedia":[{"embeddable":true,"href":"https:\/\/www.anamt.org.br\/portal\/wp-json\/wp\/v2\/media\/30783"}],"wp:attachment":[{"href":"https:\/\/www.anamt.org.br\/portal\/wp-json\/wp\/v2\/media?parent=32025"}],"wp:term":[{"taxonomy":"category","embeddable":true,"href":"https:\/\/www.anamt.org.br\/portal\/wp-json\/wp\/v2\/categories?post=32025"},{"taxonomy":"post_tag","embeddable":true,"href":"https:\/\/www.anamt.org.br\/portal\/wp-json\/wp\/v2\/tags?post=32025"}],"curies":[{"name":"wp","href":"https:\/\/api.w.org\/{rel}","templated":true}]}}