{"id":31875,"date":"2017-11-09T15:46:25","date_gmt":"2017-11-09T17:46:25","guid":{"rendered":"https:\/\/www.anamt.org.br\/portal\/?p=31875"},"modified":"2017-11-09T15:46:25","modified_gmt":"2017-11-09T17:46:25","slug":"xvi-forum-presenca-em-sp-evento-gratuito-para-associados","status":"publish","type":"post","link":"https:\/\/www.anamt.org.br\/portal\/2017\/11\/09\/xvi-forum-presenca-em-sp-evento-gratuito-para-associados\/","title":{"rendered":"XVI F\u00f3rum Presen\u00e7a em SP: evento gratuito para associados"},"content":{"rendered":"<div id=\"js_re\" class=\"_5pbx userContent _3576\" data-ft=\"{&quot;tn&quot;:&quot;K&quot;}\">\n<p>No dia 15 <span class=\"highlightNode\">de<\/span> novembro, a <span class=\"highlightNode\">ANAMT<\/span> vai realizar a XVI edi\u00e7\u00e3o <span class=\"highlightNode\">do<\/span> F\u00f3rum Presen\u00e7a <span class=\"highlightNode\">ANAMT<\/span>, em S\u00e3o Paulo (SP). Inscreva-se j\u00e1 pelo site <a href=\"http:\/\/www.forumanamt.com.br\/\" target=\"_blank\" rel=\"nofollow noopener noreferrer\" data-ft=\"{&quot;tn&quot;:&quot;-U&quot;}\" data-lynx-mode=\"async\" data-lynx-uri=\"https:\/\/l.facebook.com\/l.php?u=http%3A%2F%2Fwww.forumanamt.com.br%2F&amp;h=ATM10eMKc8SJXEysJ4akzOqpdXDjOQV9KW--vFdPTBQdVet5RBnnfi1c7gD6hpwGTUkuth1pFz_9wLJjLjzLPpkIO2F8uzggHq1O8KRXbq4IXj00ivBVSnHqCT9-2bbipxFN5ILO-rMUNrWbbLEYDTL1Bu07L49RFZnD9GlrTUhwa-jqM7XNGWSZr_KkjvZyAXSyq63X6E6Xvsa8nWcTZ2biz6EIJkOJFwmqVTgoMh6tcnCX0z6urYVF4aeGI034Hwz7PGk5d3O3WBo3f1hfDcV_\">www.forumanamt.com.br<\/a> e participe <span class=\"highlightNode\">do<\/span> debate. O evento \u00e9 gratuito para associados adimplentes da <span class=\"highlightNode\">ANAMT<\/span>. Voc\u00ea poder\u00e1 participar presencialmente ou \u00e0 dist\u00e2ncia, atrav\u00e9s da transmiss\u00e3o online.<\/p>\n<\/div>\n<p>Mais informa\u00e7\u00f5es, no site do evento: <a href=\"http:\/\/www.forumanamt.com.br\" target=\"_blank\" rel=\"noopener noreferrer\">www.forumanamt.com.br<\/a>.<\/p>\n<p><a href=\"https:\/\/www.facebook.com\/anamt.org.br\/videos\/1877408332573972\/\">https:\/\/www.facebook.com\/anamt.org.br\/videos\/1877408332573972\/<\/a><\/p>\n","protected":false},"excerpt":{"rendered":"<p>No dia 15 de novembro, a ANAMT vai realizar a XVI edi\u00e7\u00e3o do F\u00f3rum Presen\u00e7a ANAMT, em S\u00e3o Paulo (SP). Inscreva-se j\u00e1 pelo site www.forumanamt.com.br e participe do debate. O evento \u00e9 gratuito para associados adimplentes da ANAMT. Voc\u00ea poder\u00e1 participar presencialmente ou \u00e0 dist\u00e2ncia, atrav\u00e9s da transmiss\u00e3o online. Mais informa\u00e7\u00f5es, no site do evento: [&hellip;]<\/p>\n","protected":false},"author":1,"featured_media":31617,"comment_status":"closed","ping_status":"closed","sticky":false,"template":"","format":"standard","meta":{"footnotes":""},"categories":[78],"tags":[],"_links":{"self":[{"href":"https:\/\/www.anamt.org.br\/portal\/wp-json\/wp\/v2\/posts\/31875"}],"collection":[{"href":"https:\/\/www.anamt.org.br\/portal\/wp-json\/wp\/v2\/posts"}],"about":[{"href":"https:\/\/www.anamt.org.br\/portal\/wp-json\/wp\/v2\/types\/post"}],"author":[{"embeddable":true,"href":"https:\/\/www.anamt.org.br\/portal\/wp-json\/wp\/v2\/users\/1"}],"replies":[{"embeddable":true,"href":"https:\/\/www.anamt.org.br\/portal\/wp-json\/wp\/v2\/comments?post=31875"}],"version-history":[{"count":0,"href":"https:\/\/www.anamt.org.br\/portal\/wp-json\/wp\/v2\/posts\/31875\/revisions"}],"wp:featuredmedia":[{"embeddable":true,"href":"https:\/\/www.anamt.org.br\/portal\/wp-json\/wp\/v2\/media\/31617"}],"wp:attachment":[{"href":"https:\/\/www.anamt.org.br\/portal\/wp-json\/wp\/v2\/media?parent=31875"}],"wp:term":[{"taxonomy":"category","embeddable":true,"href":"https:\/\/www.anamt.org.br\/portal\/wp-json\/wp\/v2\/categories?post=31875"},{"taxonomy":"post_tag","embeddable":true,"href":"https:\/\/www.anamt.org.br\/portal\/wp-json\/wp\/v2\/tags?post=31875"}],"curies":[{"name":"wp","href":"https:\/\/api.w.org\/{rel}","templated":true}]}}