{"id":31828,"date":"2017-09-22T13:15:12","date_gmt":"2017-09-22T16:15:12","guid":{"rendered":"https:\/\/www.anamt.org.br\/portal\/?p=31828"},"modified":"2017-10-30T13:19:42","modified_gmt":"2017-10-30T15:19:42","slug":"xvi-forum-presenca-anamt","status":"publish","type":"post","link":"https:\/\/www.anamt.org.br\/portal\/2017\/09\/22\/xvi-forum-presenca-anamt\/","title":{"rendered":"XVI F\u00f3rum Presen\u00e7a ANAMT"},"content":{"rendered":"<h5>Data<\/h5>\n<p>15\/11\/2017<\/p>\n<h5>Local<\/h5>\n<p>S\u00e3o Paulo<\/p>\n<div class=\"post-content\">\n<p>A ANAMT realizar\u00e1, no dia 15 de novembro, o XVI F\u00f3rum Presen\u00e7a ANAMT. O evento, destinado aos associados adimplentes da Associa\u00e7\u00e3o, ser\u00e1 em S\u00e3o Paulo (SP) e abordar\u00e1 o tema Brasil: um Pa\u00eds em reforma e os impactos para a sa\u00fade e seguran\u00e7a dos trabalhadores.<\/p>\n<p>As inscri\u00e7\u00f5es, para a participa\u00e7\u00e3o presencial e online, come\u00e7am no dia 25 de setembro e se encerram em 14 de novembro. O evento \u00e9 gratuito para os associados da Associa\u00e7\u00e3o.<\/p>\n<p>Mais informa\u00e7\u00f5es, no site do evento: <a href=\"http:\/\/www.forumanamt.com.br\" target=\"_blank\" rel=\"noopener noreferrer\">www.forumanamt.com.br<\/a>.<\/p>\n<\/div>\n<p>&nbsp;<\/p>\n<p>&nbsp;<\/p>\n","protected":false},"excerpt":{"rendered":"<p>Data 15\/11\/2017 Local S\u00e3o Paulo A ANAMT realizar\u00e1, no dia 15 de novembro, o XVI F\u00f3rum Presen\u00e7a ANAMT. O evento, destinado aos associados adimplentes da Associa\u00e7\u00e3o, ser\u00e1 em S\u00e3o Paulo (SP) e abordar\u00e1 o tema Brasil: um Pa\u00eds em reforma e os impactos para a sa\u00fade e seguran\u00e7a dos trabalhadores. As inscri\u00e7\u00f5es, para a participa\u00e7\u00e3o [&hellip;]<\/p>\n","protected":false},"author":1,"featured_media":0,"comment_status":"closed","ping_status":"closed","sticky":false,"template":"","format":"standard","meta":{"footnotes":""},"categories":[190],"tags":[],"_links":{"self":[{"href":"https:\/\/www.anamt.org.br\/portal\/wp-json\/wp\/v2\/posts\/31828"}],"collection":[{"href":"https:\/\/www.anamt.org.br\/portal\/wp-json\/wp\/v2\/posts"}],"about":[{"href":"https:\/\/www.anamt.org.br\/portal\/wp-json\/wp\/v2\/types\/post"}],"author":[{"embeddable":true,"href":"https:\/\/www.anamt.org.br\/portal\/wp-json\/wp\/v2\/users\/1"}],"replies":[{"embeddable":true,"href":"https:\/\/www.anamt.org.br\/portal\/wp-json\/wp\/v2\/comments?post=31828"}],"version-history":[{"count":0,"href":"https:\/\/www.anamt.org.br\/portal\/wp-json\/wp\/v2\/posts\/31828\/revisions"}],"wp:attachment":[{"href":"https:\/\/www.anamt.org.br\/portal\/wp-json\/wp\/v2\/media?parent=31828"}],"wp:term":[{"taxonomy":"category","embeddable":true,"href":"https:\/\/www.anamt.org.br\/portal\/wp-json\/wp\/v2\/categories?post=31828"},{"taxonomy":"post_tag","embeddable":true,"href":"https:\/\/www.anamt.org.br\/portal\/wp-json\/wp\/v2\/tags?post=31828"}],"curies":[{"name":"wp","href":"https:\/\/api.w.org\/{rel}","templated":true}]}}