{"id":31803,"date":"2017-10-24T08:44:08","date_gmt":"2017-10-24T10:44:08","guid":{"rendered":"https:\/\/www.anamt.org.br\/portal\/?p=31803"},"modified":"2017-10-24T08:44:08","modified_gmt":"2017-10-24T10:44:08","slug":"reforma-trabalhista-a-saude-e-a-seguranca-ocupacional-dos-funcionarios","status":"publish","type":"post","link":"https:\/\/www.anamt.org.br\/portal\/2017\/10\/24\/reforma-trabalhista-a-saude-e-a-seguranca-ocupacional-dos-funcionarios\/","title":{"rendered":"Reforma trabalhista: a sa\u00fade e a seguran\u00e7a ocupacional dos funcion\u00e1rios"},"content":{"rendered":"<p class=\"m_-6894951945122970863m_-6041879986874678935MsoNoSpacing\">A reforma trabalhista, que entra em vigor em novembro, regulariza a situa\u00e7\u00e3o de 25% dos trabalhadores brasileiros, que comp\u00f5em o grupo de contrata\u00e7\u00f5es terceirizadas. Essa garantia legal, que dar\u00e1 tranquilidade jur\u00eddica para empregados e empregadores, interfere, no entanto, no modo de produ\u00e7\u00e3o da organiza\u00e7\u00e3o, que ter\u00e1 que se adaptar para garantir a preven\u00e7\u00e3o de riscos e a seguran\u00e7a ocupacional desses terceiros. Pensando nisso, a Sociedade Ga\u00facha de Medicina do Trabalho (SOGAMT) promove nos dias 26, 27 e 28 de outubro a 24\u00aa Jornada Ga\u00facha de Medicina do Trabalho e o I F\u00f3rum de Sa\u00fade e Seguran\u00e7a Ocupacional SOGAMT. <u><\/u><u><\/u><\/p>\n<p class=\"m_-6894951945122970863m_-6041879986874678935MsoNoSpacing\">Para discutir sobre as novas normas de preven\u00e7\u00e3o de acidentes, especialistas estar\u00e3o em Porto Alegre, no audit\u00f3rio da AMRIGS, palestrando para m\u00e9dicos do trabalho, engenheiros de seguran\u00e7a, t\u00e9cnicos de seguran\u00e7a, enfermeiros do trabalho e t\u00e9cnicos de enfermagem do trabalho.<u><\/u><u><\/u><\/p>\n<p class=\"m_-6894951945122970863m_-6041879986874678935MsoNoSpacing\">O evento ter\u00e1 a participa\u00e7\u00e3o do Procurador-Chefe do Minist\u00e9rio P\u00fablico do Trabalho do RS, Rog\u00e9rio Fleishmann, falando sobre os casos de ass\u00e9dio moral durante o expediente; e dos advogados Luiz Fernando Menezes de Oliveira e Paulo Argollo Mendes, palestrando sobre \u201cos novos desafios frente as terceiriza\u00e7\u00f5es\u201d.<u><\/u><u><\/u><\/p>\n<p class=\"m_-6894951945122970863m_-6041879986874678935MsoNoSpacing\">Al\u00e9m desses temas, ainda ser\u00e3o abordados assuntos referentes \u00e0 fiscaliza\u00e7\u00e3o de terceiros, \u00e0 cultura organizacional, \u00e0 aposentadoria e \u00e0 preven\u00e7\u00e3o da sa\u00fade mental dos funcion\u00e1rios.<\/p>\n<p class=\"m_-6894951945122970863m_-6041879986874678935MsoNoSpacing\">As inscri\u00e7\u00f5es podem ser feitas no site <a href=\"http:\/\/sogamt.org.br\/24jornadagaucha\/\" target=\"_blank\" rel=\"noopener noreferrer\" data-saferedirecturl=\"https:\/\/www.google.com\/url?hl=pt-BR&amp;q=http:\/\/sogamt.org.br\/24jornadagaucha\/&amp;source=gmail&amp;ust=1508926060628000&amp;usg=AFQjCNHmYMMBusu00xZHRLUQ0vuoezSrVg\">sogamt.org.br\/24jornadagaucha\/<\/a><\/p>\n<p class=\"m_-6894951945122970863m_-6041879986874678935MsoNoSpacing\"><u><\/u>\u00a0<u><\/u><\/p>\n<p class=\"m_-6894951945122970863m_-6041879986874678935MsoNoSpacing\"><strong><i><u><\/u>\u00a0<u><\/u><\/i><\/strong><\/p>\n<p class=\"m_-6894951945122970863m_-6041879986874678935MsoNoSpacing\"><strong><i>O que: <\/i><\/strong><i>24\u00aa Jornada Ga\u00facha de Medicina do Trabalho e o I F\u00f3rum de Sa\u00fade e Seguran\u00e7a Ocupacional SOGAMT<\/i><u><\/u><u><\/u><\/p>\n<p class=\"m_-6894951945122970863m_-6041879986874678935MsoNoSpacing\"><b><i>Quando: <\/i><\/b><i>de 26 a 28\/10\/17<u><\/u><u><\/u><\/i><\/p>\n<p class=\"m_-6894951945122970863m_-6041879986874678935MsoNoSpacing\"><b><i>Onde: <\/i><\/b><i>AMRIGS<u><\/u><u><\/u><\/i><\/p>\n<p class=\"m_-6894951945122970863m_-6041879986874678935MsoNoSpacing\"><b><i>Endere\u00e7o: <\/i><\/b><i><a href=\"https:\/\/maps.google.com\/?q=Avenida+Ipiranga,+5311+-+Porto+Alegre\/RS&amp;entry=gmail&amp;source=g\" target=\"_blank\" rel=\"noopener noreferrer\" data-saferedirecturl=\"https:\/\/www.google.com\/url?hl=pt-BR&amp;q=https:\/\/maps.google.com\/?q%3DAvenida%2BIpiranga,%2B5311%2B-%2BPorto%2BAlegre\/RS%26entry%3Dgmail%26source%3Dg&amp;source=gmail&amp;ust=1508926060628000&amp;usg=AFQjCNGOY3E0RbCDZ8-7aWAdIePjmsEBog\">Avenida Ipiranga, 5311 &#8211; Porto Alegre\/RS<\/a><u><\/u><u><\/u><\/i><\/p>\n<p class=\"m_-6894951945122970863m_-6041879986874678935MsoNoSpacing\"><strong><u><\/u>\u00a0<u><\/u><\/strong><\/p>\n<p class=\"m_-6894951945122970863m_-6041879986874678935MsoNoSpacing\"><strong><i>Confira a programa\u00e7\u00e3o completa:<u><\/u><u><\/u><\/i><\/strong><\/p>\n<p class=\"m_-6894951945122970863m_-6041879986874678935MsoNoSpacing\"><i>26.10.17<\/i><u><\/u><u><\/u><\/p>\n<p class=\"m_-6894951945122970863m_-6041879986874678935MsoNoSpacing\"><i><u>9h \u00e0s 12:00<\/u><\/i><\/p>\n<p class=\"m_-6894951945122970863m_-6041879986874678935MsoNoSpacing\"><i>Liderando pessoas nas equipes\u00a0de SESMT &#8211; Renata Bidone <u><\/u><u><\/u><\/i><\/p>\n<p class=\"m_-6894951945122970863m_-6041879986874678935MsoNoSpacing\"><i><u>14h \u00e0s 17h<\/u><\/i><\/p>\n<p class=\"m_-6894951945122970863m_-6041879986874678935MsoNoSpacing\"><i>Atualiza\u00e7\u00f5es sobre E-Social &#8211; Engenheiro Rog\u00e9rio Balbinot<u><\/u><u><\/u><\/i><\/p>\n<p class=\"m_-6894951945122970863m_-6041879986874678935MsoNoSpacing\"><i><u>9h \u00e0s 17h<\/u><\/i><\/p>\n<p class=\"m_-6894951945122970863m_-6041879986874678935MsoNoSpacing\"><i>Semiologia Ocupacional (somente para m\u00e9dicos) &#8211; Dra. Nadja de Sousa Ferreira\u00a0 <u><\/u><u><\/u><\/i><\/p>\n<p class=\"m_-6894951945122970863m_-6041879986874678935MsoNoSpacing\"><i><u><\/u>\u00a0<u><\/u><\/i><\/p>\n<p class=\"m_-6894951945122970863m_-6041879986874678935MsoNoSpacing\"><i>27.10.17<u><\/u><u><\/u><\/i><\/p>\n<p class=\"m_-6894951945122970863m_-6041879986874678935MsoNoSpacing\"><i><u>8H30<\/u><\/i><\/p>\n<p class=\"m_-6894951945122970863m_-6041879986874678935MsoNoSpacing\"><i>Abertura da 24\u00aa Jornada Ga\u00facha de Medicina do Trabalho e I F\u00f3rum Sa\u00fade e Seguran\u00e7a Ocupacional SOGAMT<u><\/u><u><\/u><\/i><\/p>\n<p class=\"m_-6894951945122970863m_-6041879986874678935MsoNoSpacing\"><i><u>9h \u00e0s 9h30 <\/u><\/i><\/p>\n<p class=\"m_-6894951945122970863m_-6041879986874678935MsoNoSpacing\"><i>Palestra Dra. M\u00e1rcia Bandini<br \/>\n<u>9h30 \u00e0s 10h10<\/u><\/i><\/p>\n<p class=\"m_-6894951945122970863m_-6041879986874678935MsoNoSpacing\"><i>O Panorama atual do Ass\u00e9dio Moral no Trabalho &#8211; Dr. Rog\u00e9rio Fleishmann\u00a0(Procurador do Trabalho)<u><\/u><u><\/u><\/i><\/p>\n<p class=\"m_-6894951945122970863m_-6041879986874678935MsoNoSpacing\"><i><u>10h30 \u00e0s 11h<\/u><\/i><\/p>\n<p class=\"m_-6894951945122970863m_-6041879986874678935MsoNoSpacing\"><i>Como atender e ter bom resultados em Auditoria OHSAS &#8211; Jo\u00e3o Roberto Marino<\/i><i><u><\/u><u><\/u><\/i><\/p>\n<p class=\"m_-6894951945122970863m_-6041879986874678935MsoNoSpacing\"><i><u>11h10 \u00e0s 12h <\/u><\/i><\/p>\n<p class=\"m_-6894951945122970863m_-6041879986874678935MsoNoSpacing\"><i>Aposentadoria, Reformas e Envelhecimento no Trabalho<br \/>\n<u>14h \u00e0s 15H<\/u><\/i><\/p>\n<p class=\"m_-6894951945122970863m_-6041879986874678935MsoNoSpacing\"><i>PCD &#8211; As melhores estrat\u00e9gias para uma inclus\u00e3o verdadeira &#8211; Dr. Paulo Rebelo<u><\/u><u><\/u><\/i><\/p>\n<p class=\"m_-6894951945122970863m_-6041879986874678935MsoNoSpacing\"><i><u>15h \u00e0s 15h40<\/u><\/i><\/p>\n<p class=\"m_-6894951945122970863m_-6041879986874678935MsoNoSpacing\"><i>Apresenta\u00e7\u00e3o de Trabalhos Cient\u00edficos<u><\/u><u><\/u><\/i><\/p>\n<p class=\"m_-6894951945122970863m_-6041879986874678935MsoNoSpacing\"><i><u>16h \u00e0s 17h<\/u><\/i><\/p>\n<p class=\"m_-6894951945122970863m_-6041879986874678935MsoNoSpacing\"><i>Gest\u00e3o de Produtos Qu\u00edmicos: como fazer?- Eng. Roque Puiatt<u><\/u><u><\/u><\/i><\/p>\n<p class=\"m_-6894951945122970863m_-6041879986874678935MsoNoSpacing\"><i><u>17h \u00e0s 18h<\/u><\/i><\/p>\n<p class=\"m_-6894951945122970863m_-6041879986874678935MsoNoSpacing\"><i>PCMSO E PPRA de terceiros &#8211; como gerenciar, fiscalizar e implantar modelo de controle eficaz &#8211; Dra. Graziela Loureiro e Eng. Lu\u00eds Alberto Bertotto Filho<u><\/u><u><\/u><\/i><\/p>\n<p class=\"m_-6894951945122970863m_-6041879986874678935MsoNoSpacing\"><i><u><\/u>\u00a0<u><\/u><\/i><\/p>\n<p class=\"m_-6894951945122970863m_-6041879986874678935MsoNoSpacing\"><i>28.10.17<u><\/u><u><\/u><\/i><\/p>\n<p class=\"m_-6894951945122970863m_-6041879986874678935MsoNoSpacing\"><i><u>8h30 \u00e0s 9h20<\/u><\/i><\/p>\n<p class=\"m_-6894951945122970863m_-6041879986874678935MsoNoSpacing\"><i>A arte de estabelecer Cultura de Seguran\u00e7a entre os trabalhadores &#8211; Eng. Alessa<u>n<\/u>dro Coser<u><\/u><u><\/u><\/i><\/p>\n<p class=\"m_-6894951945122970863m_-6041879986874678935MsoNoSpacing\"><i><u>10h40 \u00e0s 11h20<\/u><\/i><\/p>\n<p class=\"m_-6894951945122970863m_-6041879986874678935MsoNoSpacing\"><i>Gest\u00e3o do tempo e da sa\u00fade dos profissionais do SESMT &#8211; Roseli Kuhnrich de Oliveira<u><\/u><u><\/u><\/i><\/p>\n<p class=\"m_-6894951945122970863m_-6041879986874678935MsoNoSpacing\"><i><u>11h20 \u00e0s 12h30<\/u><\/i><\/p>\n<p class=\"m_-6894951945122970863m_-6041879986874678935MsoNoSpacing\"><i>Os novos desafios frente as Terceiriza\u00e7\u00f5es &#8211; Adv. Luiz Fernando Menezes de Oliveira e Dr. Paulo Argollo Mendes<u><\/u><u><\/u><\/i><\/p>\n<p class=\"m_-6894951945122970863m_-6041879986874678935MsoNoSpacing\"><i><u>14h \u00e0s 15h<\/u><\/i><\/p>\n<p class=\"m_-6894951945122970863m_-6041879986874678935MsoNoSpacing\"><i>Avalia\u00e7\u00e3o do Risco Biol\u00f3gico &#8211; marcadores e cuidados preventivos &#8211; Dra. Niura Terezinha Tondolo Noro<u><\/u><u><\/u><\/i><\/p>\n<p class=\"m_-6894951945122970863m_-6041879986874678935MsoNoSpacing\"><i><u>15h \u00e0s 16h<\/u><\/i><\/p>\n<p class=\"m_-6894951945122970863m_-6041879986874678935MsoNoSpacing\"><i>ATLS &#8211; Como estabelecer crit\u00e9rios e\u00a0treinamentos em empresas de grande e pequeno porte &#8211; Dr. Jo\u00e3o Vicente Bassols<u><\/u><u><\/u><\/i><\/p>\n<p class=\"m_-6894951945122970863m_-6041879986874678935MsoNoSpacing\"><i><u>16h20min \u00e0s 17h<\/u><\/i><\/p>\n<p class=\"m_-6894951945122970863m_-6041879986874678935MsoNoSpacing\"><i>Sa\u00fade Mental &#8211; Estrat\u00e9gias de Enfrentamento ao Stress em Atividade de Riscos<br \/>\nPsic\u00f3loga \u2013 Dra. Miriam Lerrer Terner<br \/>\nPsic\u00f3logo &#8211; Dr. L\u00facio Ripoll Becker<\/i><\/p>\n","protected":false},"excerpt":{"rendered":"<p>A reforma trabalhista, que entra em vigor em novembro, regulariza a situa\u00e7\u00e3o de 25% dos trabalhadores brasileiros, que comp\u00f5em o grupo de contrata\u00e7\u00f5es terceirizadas. Essa garantia legal, que dar\u00e1 tranquilidade jur\u00eddica para empregados e empregadores, interfere, no entanto, no modo de produ\u00e7\u00e3o da organiza\u00e7\u00e3o, que ter\u00e1 que se adaptar para garantir a preven\u00e7\u00e3o de riscos [&hellip;]<\/p>\n","protected":false},"author":1,"featured_media":31805,"comment_status":"closed","ping_status":"closed","sticky":false,"template":"","format":"standard","meta":{"footnotes":""},"categories":[78],"tags":[],"_links":{"self":[{"href":"https:\/\/www.anamt.org.br\/portal\/wp-json\/wp\/v2\/posts\/31803"}],"collection":[{"href":"https:\/\/www.anamt.org.br\/portal\/wp-json\/wp\/v2\/posts"}],"about":[{"href":"https:\/\/www.anamt.org.br\/portal\/wp-json\/wp\/v2\/types\/post"}],"author":[{"embeddable":true,"href":"https:\/\/www.anamt.org.br\/portal\/wp-json\/wp\/v2\/users\/1"}],"replies":[{"embeddable":true,"href":"https:\/\/www.anamt.org.br\/portal\/wp-json\/wp\/v2\/comments?post=31803"}],"version-history":[{"count":0,"href":"https:\/\/www.anamt.org.br\/portal\/wp-json\/wp\/v2\/posts\/31803\/revisions"}],"wp:featuredmedia":[{"embeddable":true,"href":"https:\/\/www.anamt.org.br\/portal\/wp-json\/wp\/v2\/media\/31805"}],"wp:attachment":[{"href":"https:\/\/www.anamt.org.br\/portal\/wp-json\/wp\/v2\/media?parent=31803"}],"wp:term":[{"taxonomy":"category","embeddable":true,"href":"https:\/\/www.anamt.org.br\/portal\/wp-json\/wp\/v2\/categories?post=31803"},{"taxonomy":"post_tag","embeddable":true,"href":"https:\/\/www.anamt.org.br\/portal\/wp-json\/wp\/v2\/tags?post=31803"}],"curies":[{"name":"wp","href":"https:\/\/api.w.org\/{rel}","templated":true}]}}