{"id":31788,"date":"2017-10-20T12:02:58","date_gmt":"2017-10-20T14:02:58","guid":{"rendered":"https:\/\/www.anamt.org.br\/portal\/?p=31788"},"modified":"2017-10-20T12:02:58","modified_gmt":"2017-10-20T14:02:58","slug":"seminario-sudeste-anamt-apresentacoes-estao-disponiveis","status":"publish","type":"post","link":"https:\/\/www.anamt.org.br\/portal\/2017\/10\/20\/seminario-sudeste-anamt-apresentacoes-estao-disponiveis\/","title":{"rendered":"Semin\u00e1rio Sudeste ANAMT: apresenta\u00e7\u00f5es est\u00e3o dispon\u00edveis"},"content":{"rendered":"<p>As apresenta\u00e7\u00f5es disponibilizadas pelos palestrantes do Semin\u00e1rio Sudeste ANAMT est\u00e3o na \u00e1rea de conte\u00fado exclusivo para associados. O conte\u00fado pode ser visualizado neste <a href=\"https:\/\/www.anamt.org.br\/portal\/seminario-sudeste-anamt-2017-apresentacoes\/\" target=\"_blank\" rel=\"noopener noreferrer\">link<\/a>.<\/p>\n<p>O evento ocorreu entre 7 e 9 de setembro, em Belo Horizonte (MG), e teve a sa\u00fade mental como tema central.<\/p>\n","protected":false},"excerpt":{"rendered":"<p>As apresenta\u00e7\u00f5es disponibilizadas pelos palestrantes do Semin\u00e1rio Sudeste ANAMT est\u00e3o na \u00e1rea de conte\u00fado exclusivo para associados. O conte\u00fado pode ser visualizado neste link. O evento ocorreu entre 7 e 9 de setembro, em Belo Horizonte (MG), e teve a sa\u00fade mental como tema central.<\/p>\n","protected":false},"author":1,"featured_media":30865,"comment_status":"closed","ping_status":"closed","sticky":false,"template":"","format":"standard","meta":{"footnotes":""},"categories":[78],"tags":[],"_links":{"self":[{"href":"https:\/\/www.anamt.org.br\/portal\/wp-json\/wp\/v2\/posts\/31788"}],"collection":[{"href":"https:\/\/www.anamt.org.br\/portal\/wp-json\/wp\/v2\/posts"}],"about":[{"href":"https:\/\/www.anamt.org.br\/portal\/wp-json\/wp\/v2\/types\/post"}],"author":[{"embeddable":true,"href":"https:\/\/www.anamt.org.br\/portal\/wp-json\/wp\/v2\/users\/1"}],"replies":[{"embeddable":true,"href":"https:\/\/www.anamt.org.br\/portal\/wp-json\/wp\/v2\/comments?post=31788"}],"version-history":[{"count":0,"href":"https:\/\/www.anamt.org.br\/portal\/wp-json\/wp\/v2\/posts\/31788\/revisions"}],"wp:featuredmedia":[{"embeddable":true,"href":"https:\/\/www.anamt.org.br\/portal\/wp-json\/wp\/v2\/media\/30865"}],"wp:attachment":[{"href":"https:\/\/www.anamt.org.br\/portal\/wp-json\/wp\/v2\/media?parent=31788"}],"wp:term":[{"taxonomy":"category","embeddable":true,"href":"https:\/\/www.anamt.org.br\/portal\/wp-json\/wp\/v2\/categories?post=31788"},{"taxonomy":"post_tag","embeddable":true,"href":"https:\/\/www.anamt.org.br\/portal\/wp-json\/wp\/v2\/tags?post=31788"}],"curies":[{"name":"wp","href":"https:\/\/api.w.org\/{rel}","templated":true}]}}