{"id":31769,"date":"2017-10-19T09:28:08","date_gmt":"2017-10-19T11:28:08","guid":{"rendered":"https:\/\/www.anamt.org.br\/portal\/?p=31769"},"modified":"2017-10-19T09:28:08","modified_gmt":"2017-10-19T11:28:08","slug":"dodge-reitera-a-ministro-retrocesso-de-portaria-sobre-trabalho-escravo","status":"publish","type":"post","link":"https:\/\/www.anamt.org.br\/portal\/2017\/10\/19\/dodge-reitera-a-ministro-retrocesso-de-portaria-sobre-trabalho-escravo\/","title":{"rendered":"Dodge reitera a ministro &#8216;retrocesso&#8217; de portaria sobre trabalho escravo"},"content":{"rendered":"<section class=\"post-content\">A Procuradora-Geral da Rep\u00fablica, Raquel Dodge, entregou nesta quarta-feira (18) um of\u00edcio ao ministro do Trabalho, Ronaldo Nogueira (PTB), reiterando os pontos da recomenda\u00e7\u00e3o feita pelo Minist\u00e9rio P\u00fablico Federal e o Minist\u00e9rio P\u00fablico do Trabalho \u00e0 pasta.<\/p>\n<p>Os dois \u00f3rg\u00e3os recomendaram ao governo Michel Temer a revoga\u00e7\u00e3o da portaria do governo que mudou as regras para a fiscaliza\u00e7\u00e3o do trabalho escravo.<\/p>\n<p>Segundo o <em>G1<\/em> apurou, Dodge externou para Nogueira o motivo de o MPF e o MPT acreditarem que a portaria leva o pa\u00eds para um retrocesso no que diz respeito \u00e0 pol\u00edtico de combate ao trabalho escravo. No encontro, Nogueira se disse aberto a &#8220;aprimorar as regras\u201d relacionados ao tema.<\/p>\n<p>A portaria n\u00ba 1.129\/2017 foi publicada no &#8220;Di\u00e1rio Oficial da Uni\u00e3o&#8221; nesta segunda (16), determinando que jornadas extenuantes e condi\u00e7\u00f5es degradantes, a partir de agora, s\u00f3 ser\u00e3o consideradas trabalho an\u00e1logo \u00e0 escravid\u00e3o se houver restri\u00e7\u00e3o de locomo\u00e7\u00e3o do trabalhador.<\/p>\n<p>Pleo texto, a lista suja de empregadores ser\u00e1 divulgada pelo ministro do Trabalho, e n\u00e3o mais pelo corpo t\u00e9cnico do minist\u00e9rio, e a fiscaliza\u00e7\u00e3o s\u00f3 poder\u00e1 ser feita com a presen\u00e7a de policiais.<\/p>\n<p><em>(Fonte: G1)<\/em><\/p>\n<\/section>\n","protected":false},"excerpt":{"rendered":"<p>A Procuradora-Geral da Rep\u00fablica, Raquel Dodge, entregou nesta quarta-feira (18) um of\u00edcio ao ministro do Trabalho, Ronaldo Nogueira (PTB), reiterando os pontos da recomenda\u00e7\u00e3o feita pelo Minist\u00e9rio P\u00fablico Federal e o Minist\u00e9rio P\u00fablico do Trabalho \u00e0 pasta. Os dois \u00f3rg\u00e3os recomendaram ao governo Michel Temer a revoga\u00e7\u00e3o da portaria do governo que mudou as regras [&hellip;]<\/p>\n","protected":false},"author":1,"featured_media":31770,"comment_status":"closed","ping_status":"closed","sticky":false,"template":"","format":"standard","meta":{"footnotes":""},"categories":[79],"tags":[],"_links":{"self":[{"href":"https:\/\/www.anamt.org.br\/portal\/wp-json\/wp\/v2\/posts\/31769"}],"collection":[{"href":"https:\/\/www.anamt.org.br\/portal\/wp-json\/wp\/v2\/posts"}],"about":[{"href":"https:\/\/www.anamt.org.br\/portal\/wp-json\/wp\/v2\/types\/post"}],"author":[{"embeddable":true,"href":"https:\/\/www.anamt.org.br\/portal\/wp-json\/wp\/v2\/users\/1"}],"replies":[{"embeddable":true,"href":"https:\/\/www.anamt.org.br\/portal\/wp-json\/wp\/v2\/comments?post=31769"}],"version-history":[{"count":0,"href":"https:\/\/www.anamt.org.br\/portal\/wp-json\/wp\/v2\/posts\/31769\/revisions"}],"wp:featuredmedia":[{"embeddable":true,"href":"https:\/\/www.anamt.org.br\/portal\/wp-json\/wp\/v2\/media\/31770"}],"wp:attachment":[{"href":"https:\/\/www.anamt.org.br\/portal\/wp-json\/wp\/v2\/media?parent=31769"}],"wp:term":[{"taxonomy":"category","embeddable":true,"href":"https:\/\/www.anamt.org.br\/portal\/wp-json\/wp\/v2\/categories?post=31769"},{"taxonomy":"post_tag","embeddable":true,"href":"https:\/\/www.anamt.org.br\/portal\/wp-json\/wp\/v2\/tags?post=31769"}],"curies":[{"name":"wp","href":"https:\/\/api.w.org\/{rel}","templated":true}]}}