{"id":31680,"date":"2017-10-30T08:14:56","date_gmt":"2017-10-30T10:14:56","guid":{"rendered":"https:\/\/www.anamt.org.br\/portal\/?p=31680"},"modified":"2017-10-30T15:41:47","modified_gmt":"2017-10-30T17:41:47","slug":"reuniao-cientifica-anamt-aborda-fap-em-novo-evento-com-transmissao-pela-internet","status":"publish","type":"post","link":"https:\/\/www.anamt.org.br\/portal\/2017\/10\/30\/reuniao-cientifica-anamt-aborda-fap-em-novo-evento-com-transmissao-pela-internet\/","title":{"rendered":"Reuni\u00e3o Cient\u00edfica: ANAMT aborda FAP em evento com transmiss\u00e3o pela internet"},"content":{"rendered":"<p>No dia 30 de outubro, a ANAMT realizar\u00e1, em S\u00e3o Paulo (SP), uma reuni\u00e3o cient\u00edfica sobre Fator Acident\u00e1rio de Preven\u00e7\u00e3o (FAP). O evento, que tem apoio da Associa\u00e7\u00e3o Paulista de Medicina do Trabalho (APMT), ser\u00e1 na sede da federada paulista (Avenida Brigadeiro Luiz Ant\u00f4nio, 278 &#8211; 6\u00ba andar) entre 19h e 20h30.<\/p>\n<p>A palestra ser\u00e1 realizada por\u00a0Dr. Paulo Reis,\u00a0M\u00e9dico do Trabalho; mestre em Ci\u00eancia da Informa\u00e7\u00e3o (ICI, UFBA); p\u00f3s-graduado em Per\u00edcia M\u00e9dica (Funda\u00e7\u00e3o Unimed); consultor da Confedera\u00e7\u00e3o Nacional da Ind\u00fastria(CNI) e da FIESP e Diretor T\u00e9cnico da SIS.<\/p>\n<p>\u00c9 poss\u00edvel participar da reuni\u00e3o de duas formas: presencialmente, com vagas limitadas, e online, pelo site da ANAMT. A transmiss\u00e3o do evento estar\u00e1 dispon\u00edvel na <a href=\"https:\/\/www.anamt.org.br\/portal\/painel-do-associado\/conteudos-de-reunioes-cientificas\/\" target=\"_blank\" rel=\"noopener noreferrer\">\u00e1rea restrita para os associados<\/a>. O evento \u00e9 gratuito para associados adimplentes da ANAMT.<\/p>\n<p>Mais informa\u00e7\u00f5es, com a Secretaria da ANAMT pelo telefone (11) 3251-0849 ou pelo e-mail secretaria@staging.anamt.org.br.<\/p>\n","protected":false},"excerpt":{"rendered":"<p>No dia 30 de outubro, a ANAMT realizar\u00e1, em S\u00e3o Paulo (SP), uma reuni\u00e3o cient\u00edfica sobre Fator Acident\u00e1rio de Preven\u00e7\u00e3o (FAP). O evento, que tem apoio da Associa\u00e7\u00e3o Paulista de Medicina do Trabalho (APMT), ser\u00e1 na sede da federada paulista (Avenida Brigadeiro Luiz Ant\u00f4nio, 278 &#8211; 6\u00ba andar) entre 19h e 20h30. A palestra ser\u00e1 [&hellip;]<\/p>\n","protected":false},"author":1,"featured_media":30865,"comment_status":"closed","ping_status":"closed","sticky":false,"template":"","format":"standard","meta":{"footnotes":""},"categories":[78],"tags":[],"_links":{"self":[{"href":"https:\/\/www.anamt.org.br\/portal\/wp-json\/wp\/v2\/posts\/31680"}],"collection":[{"href":"https:\/\/www.anamt.org.br\/portal\/wp-json\/wp\/v2\/posts"}],"about":[{"href":"https:\/\/www.anamt.org.br\/portal\/wp-json\/wp\/v2\/types\/post"}],"author":[{"embeddable":true,"href":"https:\/\/www.anamt.org.br\/portal\/wp-json\/wp\/v2\/users\/1"}],"replies":[{"embeddable":true,"href":"https:\/\/www.anamt.org.br\/portal\/wp-json\/wp\/v2\/comments?post=31680"}],"version-history":[{"count":0,"href":"https:\/\/www.anamt.org.br\/portal\/wp-json\/wp\/v2\/posts\/31680\/revisions"}],"wp:featuredmedia":[{"embeddable":true,"href":"https:\/\/www.anamt.org.br\/portal\/wp-json\/wp\/v2\/media\/30865"}],"wp:attachment":[{"href":"https:\/\/www.anamt.org.br\/portal\/wp-json\/wp\/v2\/media?parent=31680"}],"wp:term":[{"taxonomy":"category","embeddable":true,"href":"https:\/\/www.anamt.org.br\/portal\/wp-json\/wp\/v2\/categories?post=31680"},{"taxonomy":"post_tag","embeddable":true,"href":"https:\/\/www.anamt.org.br\/portal\/wp-json\/wp\/v2\/tags?post=31680"}],"curies":[{"name":"wp","href":"https:\/\/api.w.org\/{rel}","templated":true}]}}