{"id":31627,"date":"2017-09-25T15:51:48","date_gmt":"2017-09-25T18:51:48","guid":{"rendered":"https:\/\/www.anamt.org.br\/portal\/?p=31627"},"modified":"2017-09-25T15:51:48","modified_gmt":"2017-09-25T18:51:48","slug":"encontro-em-porto-alegre-reune-medicos-do-trabalho-e-profissionais-de-seguranca","status":"publish","type":"post","link":"https:\/\/www.anamt.org.br\/portal\/2017\/09\/25\/encontro-em-porto-alegre-reune-medicos-do-trabalho-e-profissionais-de-seguranca\/","title":{"rendered":"Encontro em Porto Alegre re\u00fane m\u00e9dicos do trabalho e profissionais de seguran\u00e7a"},"content":{"rendered":"<p>O Brasil \u00e9 a quarta na\u00e7\u00e3o do mundo que mais registra acidentes durante atividades laborais, atr\u00e1s apenas da China, \u00cdndia e Indon\u00e9sia. Desde 2012, a economia j\u00e1 sofreu um impacto de R$ 22 bilh\u00f5es, por conta de pessoas afastadas de suas fun\u00e7\u00f5es ap\u00f3s sofrerem ferimentos durante o trabalho. Se fossem inclu\u00eddos os casos de acidentes em ocupa\u00e7\u00f5es informais, esse n\u00famero poderia chegar a R$ 40 bilh\u00f5es. Atenta a este assunto a Sociedade Ga\u00facha de Medicina do Trabalho (SOGAMT) promove nos dias 26, 27 e 28 de outubro, a 24\u00aa Jornada Ga\u00facha de Medicina do Trabalho e o I F\u00f3rum de Sa\u00fade e Seguran\u00e7a Ocupacional SOGAMT, na AMRIGS, em Porto Alegre.<\/p>\n<p>O evento, in\u00e9dito, \u00e9 voltado para m\u00e9dicos do trabalho, engenheiros de seguran\u00e7a, t\u00e9cnicos de seguran\u00e7a, enfermeiros do trabalho e t\u00e9cnicos de enfermagem do trabalho e tem o objetivo de demonstrar a import\u00e2ncia da atua\u00e7\u00e3o conjunta dessas \u00e1reas nas empresas. A m\u00e9dica M\u00e1rcia Bandini, presidente da ANAMT \u2013 Associa\u00e7\u00e3o Nacional de Medicina do Trabalho &#8211; abrir\u00e1 o evento com uma palestra sobre o perfil do m\u00e9dico do trabalho na atualidade. O foco da exposi\u00e7\u00e3o ser\u00e1 o impacto do e-social na sa\u00fade e seguran\u00e7a ocupacional, os novos desafios frente \u00e0s terceiriza\u00e7\u00f5es e os cuidados com a gest\u00e3o do tempo e sa\u00fade dos profissionais que atuam em <strong>Servi\u00e7o Especializado em Engenharia de Seguran\u00e7a e em Medicina do Trabalho<\/strong> (SESMT).<\/p>\n<p>&nbsp;<\/p>\n<p><strong>O que: <\/strong>24\u00aa Jornada Ga\u00facha de Medicina do Trabalho e o I F\u00f3rum de Sa\u00fade e Seguran\u00e7a Ocupacional SOGAMT<\/p>\n<p><strong>Quando: <\/strong>de 26 a 28\/10\/17<\/p>\n<p><strong>Onde: <\/strong>AMRIGS<\/p>\n<p><strong>Endere\u00e7o: <\/strong>Avenida Ipiranga, 5311 &#8211; Porto Alegre\/RS<\/p>\n<p><strong>\u00a0<\/strong><\/p>\n<p><strong>Confira a programa\u00e7\u00e3o completa:<\/strong><\/p>\n<p>26.10.17<\/p>\n<p><u>9h \u00e0s 12:00<\/u><\/p>\n<p>Liderando pessoas nas equipes\u00a0de SESMT<br \/>\nRenata Bidone<\/p>\n<p><u>14h \u00e0s 17h<\/u><\/p>\n<p>Atualiza\u00e7\u00f5es sobre E-Social<br \/>\nEngenheiro Rog\u00e9rio Balbinot<\/p>\n<p><u>9h \u00e0s 17h<\/u><\/p>\n<p>Semiologia Ocupacional (somente para m\u00e9dicos)<\/p>\n<p>Dra. Nadja de Sousa Ferreira<\/p>\n<p>&nbsp;<\/p>\n<p>27.10.17<\/p>\n<p><u>8H30<\/u><\/p>\n<p>Abertura da 24\u00aa Jornada Ga\u00facha de Medicina do Trabalho e I F\u00f3rum Sa\u00fade e Seguran\u00e7a Ocupacional SOGAMT<\/p>\n<p><u>9h \u00e0s 9h30 <\/u><\/p>\n<p>Palestra Dra. M\u00e1rcia Bandini<br \/>\n<u>9h30 \u00e0s 10h10<\/u><\/p>\n<p>O Panorama atual do Ass\u00e9dio Moral no Trabalho<\/p>\n<p>Dr. Rog\u00e9rio Fleishmann\u00a0(Procurador do Trabalho)<\/p>\n<p><u>10h30 \u00e0s 11h<\/u><\/p>\n<p>Como atender e ter bom resultados em Auditoria OHSAS<\/p>\n<p>Jo\u00e3o Roberto Marino<\/p>\n<p><u>11h10 \u00e0s 12h <\/u><\/p>\n<p>Aposentadoria, Reformas e Envelhecimento no Trabalho<br \/>\n<u>14h \u00e0s 15H<\/u><\/p>\n<p>PCD &#8211; As melhores estrat\u00e9gias para uma inclus\u00e3o verdadeira<\/p>\n<p>Dr. Paulo Rebelo<\/p>\n<p><u>15h \u00e0s 15h40<\/u><\/p>\n<p>Apresenta\u00e7\u00e3o de Trabalhos Cient\u00edficos<\/p>\n<p><u>16h \u00e0s 17h<\/u><\/p>\n<p>Gest\u00e3o de Produtos Qu\u00edmicos: como fazer?<br \/>\nEng. Roque Puiatt<\/p>\n<p><u>17h \u00e0s 18h<\/u><\/p>\n<p>PCMSO E PPRA de terceiros &#8211; como gerenciar, fiscalizar e implantar modelo de controle eficaz<br \/>\nDra. Graziela Loureiro e Eng. Lu\u00eds Alberto Bertotto Filho<\/p>\n<p>&nbsp;<\/p>\n<p>28.10.17<\/p>\n<p><u>8h30 \u00e0s 9h20<\/u><\/p>\n<p>A arte de estabelecer Cultura de Seguran\u00e7a entre os trabalhadores<br \/>\nEng. Alessa<u>n<\/u>dro Coser<\/p>\n<p><u>10h40 \u00e0s 11h20<\/u><\/p>\n<p>Gest\u00e3o do tempo e da sa\u00fade dos profissionais do SESMT<br \/>\nRoseli Kuhnrich de Oliveira<\/p>\n<p><u>11h20 \u00e0s 12h30<\/u><\/p>\n<p>Os novos desafios frente as Terceiriza\u00e7\u00f5es<\/p>\n<p>Adv. Luiz Fernando Menezes de Oliveira e Dr. Paulo Argollo Mendes<\/p>\n<p><u>14h \u00e0s 15h<\/u><\/p>\n<p>Avalia\u00e7\u00e3o do Risco Biol\u00f3gico &#8211; marcadores e cuidados preventivos<br \/>\nDra. Niura Terezinha Tondolo Noro<\/p>\n<p><u>15h \u00e0s 16h<\/u><\/p>\n<p>ATLS &#8211; Como estabelecer crit\u00e9rios e\u00a0treinamentos em empresas de grande e pequeno porte<br \/>\nDr. Jo\u00e3o Vicente Bassols<\/p>\n<p><u>16h20min \u00e0s 17h<\/u><\/p>\n<p>Sa\u00fade Mental &#8211; Estrat\u00e9gias de Enfrentamento ao Stress em Atividade de Riscos<br \/>\nPsic\u00f3loga \u2013 Dra. Miriam Lerrer Terner<br \/>\nPsic\u00f3logo &#8211; Dr. L\u00facio Ripoll Becker<\/p>\n","protected":false},"excerpt":{"rendered":"<p>O Brasil \u00e9 a quarta na\u00e7\u00e3o do mundo que mais registra acidentes durante atividades laborais, atr\u00e1s apenas da China, \u00cdndia e Indon\u00e9sia. Desde 2012, a economia j\u00e1 sofreu um impacto de R$ 22 bilh\u00f5es, por conta de pessoas afastadas de suas fun\u00e7\u00f5es ap\u00f3s sofrerem ferimentos durante o trabalho. Se fossem inclu\u00eddos os casos de acidentes [&hellip;]<\/p>\n","protected":false},"author":1,"featured_media":30590,"comment_status":"closed","ping_status":"closed","sticky":false,"template":"","format":"standard","meta":{"footnotes":""},"categories":[78],"tags":[],"_links":{"self":[{"href":"https:\/\/www.anamt.org.br\/portal\/wp-json\/wp\/v2\/posts\/31627"}],"collection":[{"href":"https:\/\/www.anamt.org.br\/portal\/wp-json\/wp\/v2\/posts"}],"about":[{"href":"https:\/\/www.anamt.org.br\/portal\/wp-json\/wp\/v2\/types\/post"}],"author":[{"embeddable":true,"href":"https:\/\/www.anamt.org.br\/portal\/wp-json\/wp\/v2\/users\/1"}],"replies":[{"embeddable":true,"href":"https:\/\/www.anamt.org.br\/portal\/wp-json\/wp\/v2\/comments?post=31627"}],"version-history":[{"count":0,"href":"https:\/\/www.anamt.org.br\/portal\/wp-json\/wp\/v2\/posts\/31627\/revisions"}],"wp:featuredmedia":[{"embeddable":true,"href":"https:\/\/www.anamt.org.br\/portal\/wp-json\/wp\/v2\/media\/30590"}],"wp:attachment":[{"href":"https:\/\/www.anamt.org.br\/portal\/wp-json\/wp\/v2\/media?parent=31627"}],"wp:term":[{"taxonomy":"category","embeddable":true,"href":"https:\/\/www.anamt.org.br\/portal\/wp-json\/wp\/v2\/categories?post=31627"},{"taxonomy":"post_tag","embeddable":true,"href":"https:\/\/www.anamt.org.br\/portal\/wp-json\/wp\/v2\/tags?post=31627"}],"curies":[{"name":"wp","href":"https:\/\/api.w.org\/{rel}","templated":true}]}}