{"id":31541,"date":"2017-09-13T15:40:58","date_gmt":"2017-09-13T18:40:58","guid":{"rendered":"https:\/\/www.anamt.org.br\/portal\/?p=31541"},"modified":"2017-09-13T15:45:06","modified_gmt":"2017-09-13T18:45:06","slug":"vice-presidente-da-anamt-participa-de-seminario-internacional-sobre-setor-de-oleo-e-gas","status":"publish","type":"post","link":"https:\/\/www.anamt.org.br\/portal\/2017\/09\/13\/vice-presidente-da-anamt-participa-de-seminario-internacional-sobre-setor-de-oleo-e-gas\/","title":{"rendered":"Vice-presidente da ANAMT participa de evento sobre setor de \u00f3leo e g\u00e1s"},"content":{"rendered":"<p>O vice-presidente da ANAMT, Dr. Paulo Rebelo, participar\u00e1 do Seminario del consumo de sustancias psicoactivas en empresas de Petr\u00f3leo y Gas, organizado pela Regional Association of Oil, Gas and Biofuels Sector Companies in Latin America and the Caribbean (ARPEL). O evento ser\u00e1 nos dias 20 e 21 de setembro em Buenos Aires (Argentina). Dr. Paulo \u00e9 l\u00edder da equipe de seguran\u00e7a da ARPEL e um dos coordenadores do evento.<\/p>\n<p>Mais informa\u00e7\u00f5es sobre o semin\u00e1rio, no <a href=\"https:\/\/arpel.org\/events\/event\/gestion-del-consumo\" target=\"_blank\" rel=\"noopener noreferrer\">site<\/a>\u00a0da organiza\u00e7\u00e3o.<\/p>\n","protected":false},"excerpt":{"rendered":"<p>O vice-presidente da ANAMT, Dr. Paulo Rebelo, participar\u00e1 do Seminario del consumo de sustancias psicoactivas en empresas de Petr\u00f3leo y Gas, organizado pela Regional Association of Oil, Gas and Biofuels Sector Companies in Latin America and the Caribbean (ARPEL). O evento ser\u00e1 nos dias 20 e 21 de setembro em Buenos Aires (Argentina). Dr. Paulo [&hellip;]<\/p>\n","protected":false},"author":1,"featured_media":31542,"comment_status":"closed","ping_status":"closed","sticky":false,"template":"","format":"standard","meta":{"footnotes":""},"categories":[78],"tags":[],"_links":{"self":[{"href":"https:\/\/www.anamt.org.br\/portal\/wp-json\/wp\/v2\/posts\/31541"}],"collection":[{"href":"https:\/\/www.anamt.org.br\/portal\/wp-json\/wp\/v2\/posts"}],"about":[{"href":"https:\/\/www.anamt.org.br\/portal\/wp-json\/wp\/v2\/types\/post"}],"author":[{"embeddable":true,"href":"https:\/\/www.anamt.org.br\/portal\/wp-json\/wp\/v2\/users\/1"}],"replies":[{"embeddable":true,"href":"https:\/\/www.anamt.org.br\/portal\/wp-json\/wp\/v2\/comments?post=31541"}],"version-history":[{"count":0,"href":"https:\/\/www.anamt.org.br\/portal\/wp-json\/wp\/v2\/posts\/31541\/revisions"}],"wp:featuredmedia":[{"embeddable":true,"href":"https:\/\/www.anamt.org.br\/portal\/wp-json\/wp\/v2\/media\/31542"}],"wp:attachment":[{"href":"https:\/\/www.anamt.org.br\/portal\/wp-json\/wp\/v2\/media?parent=31541"}],"wp:term":[{"taxonomy":"category","embeddable":true,"href":"https:\/\/www.anamt.org.br\/portal\/wp-json\/wp\/v2\/categories?post=31541"},{"taxonomy":"post_tag","embeddable":true,"href":"https:\/\/www.anamt.org.br\/portal\/wp-json\/wp\/v2\/tags?post=31541"}],"curies":[{"name":"wp","href":"https:\/\/api.w.org\/{rel}","templated":true}]}}