{"id":31442,"date":"2017-09-08T19:39:53","date_gmt":"2017-09-08T22:39:53","guid":{"rendered":"https:\/\/www.anamt.org.br\/portal\/?p=31442"},"modified":"2017-09-11T15:44:28","modified_gmt":"2017-09-11T18:44:28","slug":"seminario-sudeste-anamt-adoecimento-mental-e-a-abordagem-do-medico-do-trabalho","status":"publish","type":"post","link":"https:\/\/www.anamt.org.br\/portal\/2017\/09\/08\/seminario-sudeste-anamt-adoecimento-mental-e-a-abordagem-do-medico-do-trabalho\/","title":{"rendered":"Semin\u00e1rio Sudeste ANAMT: adoecimento mental e o M\u00e9dico do Trabalho"},"content":{"rendered":"<p>O segundo dia do Semin\u00e1rio Sudeste da ANAMT, realizado em Belo Horizonte (MG), foi marcado pela rica programa\u00e7\u00e3o cient\u00edfica acerca do tema sa\u00fade mental. Na parte da manh\u00e3, a presidente da Associa\u00e7\u00e3o Mineira de Medicina do Trabalho (AMIMT), Dra. Let\u00edcia G\u00e1rios, falou sobre as reflex\u00f5es sobre transtornos mentais comuns entre pessoas que est\u00e3o trabalhando e o papel do M\u00e9dico do Trabalho na adapta\u00e7\u00e3o e orienta\u00e7\u00e3o de medidas terap\u00eauticas, levando casos reais para exemplificar as diversas abordagens.<\/p>\n<p>Segundo Dra. Rosylane Rocha, que participou da mesa redonda \u201cAspectos conceituais, cl\u00ednicos e epidemiol\u00f3gicos do adoecimento mental relacionado ao trabalho\u201d, o M\u00e9dico do Trabalho \u00e9 o primeiro acesso \u00e0 sa\u00fade dos quase 50 milh\u00f5es de trabalhadores da economia formal, e exerce um papel fundamental para encaminhar esse trabalhador para a psiquiatra.<\/p>\n<p>\u201cExiste um estigma muito grande dentro do ambiente de trabalho e n\u00f3s temos que combater esse preconceito e discrimina\u00e7\u00e3o. O diagn\u00f3stico precoce \u00e9 extremamente importante para a evolu\u00e7\u00e3o da doen\u00e7a\u201d.<\/p>\n<p>\u201cOs transtornos de personalidade causam dois preju\u00edzos principais \u2013 em relacionamentos sociais e no desempenho ocupacional. Definir se determinado caso tem ou n\u00e3o tem rela\u00e7\u00e3o com o trabalho \u00e9 um racioc\u00ednio clinico e o M\u00e9dico do Trabalho \u00e9 o melhor profissional para a avalia\u00e7\u00e3o desse tipo de situa\u00e7\u00e3o\u201d, declarou a Dra. Naray Paulino em sua participa\u00e7\u00e3o na mesa redonda \u201cAbordagem cl\u00ednica do trabalhador portador de doen\u00e7as mentais \u2013 o trabalho como terapia ou como desencadeador e agravante do quadro\u201d, que encerrou a programa\u00e7\u00e3o antes do intervalo para o almo\u00e7o.<\/p>\n","protected":false},"excerpt":{"rendered":"<p>O segundo dia do Semin\u00e1rio Sudeste da ANAMT, realizado em Belo Horizonte (MG), foi marcado pela rica programa\u00e7\u00e3o cient\u00edfica acerca do tema sa\u00fade mental. Na parte da manh\u00e3, a presidente da Associa\u00e7\u00e3o Mineira de Medicina do Trabalho (AMIMT), Dra. Let\u00edcia G\u00e1rios, falou sobre as reflex\u00f5es sobre transtornos mentais comuns entre pessoas que est\u00e3o trabalhando e [&hellip;]<\/p>\n","protected":false},"author":1,"featured_media":31443,"comment_status":"closed","ping_status":"closed","sticky":false,"template":"","format":"standard","meta":{"footnotes":""},"categories":[78],"tags":[],"_links":{"self":[{"href":"https:\/\/www.anamt.org.br\/portal\/wp-json\/wp\/v2\/posts\/31442"}],"collection":[{"href":"https:\/\/www.anamt.org.br\/portal\/wp-json\/wp\/v2\/posts"}],"about":[{"href":"https:\/\/www.anamt.org.br\/portal\/wp-json\/wp\/v2\/types\/post"}],"author":[{"embeddable":true,"href":"https:\/\/www.anamt.org.br\/portal\/wp-json\/wp\/v2\/users\/1"}],"replies":[{"embeddable":true,"href":"https:\/\/www.anamt.org.br\/portal\/wp-json\/wp\/v2\/comments?post=31442"}],"version-history":[{"count":0,"href":"https:\/\/www.anamt.org.br\/portal\/wp-json\/wp\/v2\/posts\/31442\/revisions"}],"wp:featuredmedia":[{"embeddable":true,"href":"https:\/\/www.anamt.org.br\/portal\/wp-json\/wp\/v2\/media\/31443"}],"wp:attachment":[{"href":"https:\/\/www.anamt.org.br\/portal\/wp-json\/wp\/v2\/media?parent=31442"}],"wp:term":[{"taxonomy":"category","embeddable":true,"href":"https:\/\/www.anamt.org.br\/portal\/wp-json\/wp\/v2\/categories?post=31442"},{"taxonomy":"post_tag","embeddable":true,"href":"https:\/\/www.anamt.org.br\/portal\/wp-json\/wp\/v2\/tags?post=31442"}],"curies":[{"name":"wp","href":"https:\/\/api.w.org\/{rel}","templated":true}]}}