{"id":31425,"date":"2017-09-08T11:42:57","date_gmt":"2017-09-08T14:42:57","guid":{"rendered":"https:\/\/www.anamt.org.br\/portal\/?p=31425"},"modified":"2017-09-08T11:44:22","modified_gmt":"2017-09-08T14:44:22","slug":"programacao-do-seminario-sudeste-anamt-continua-nesta-sexta-feira","status":"publish","type":"post","link":"https:\/\/www.anamt.org.br\/portal\/2017\/09\/08\/programacao-do-seminario-sudeste-anamt-continua-nesta-sexta-feira\/","title":{"rendered":"Programa\u00e7\u00e3o do Semin\u00e1rio Sudeste ANAMT continua nesta sexta-feira"},"content":{"rendered":"<p>A programa\u00e7\u00e3o de simp\u00f3sios e confer\u00eancias do Semin\u00e1rio Sudeste ANAMT continua nesta sexta-feira (8). Entre os temas a serem abordados, Reflex\u00e3o sobre transtornos mentais comuns entre pessoas que est\u00e3o trabalhando e o papel do m\u00e9dico do trabalho na adapta\u00e7\u00e3o e orienta\u00e7\u00e3o de medidas terap\u00eauticas adequadas e As compet\u00eancias do M\u00e9dico do Trabalho para o cuidado \u00e0 sa\u00fade e a abordagem do sofrimento e do adoecimento mental relacionado ao trabalho.<\/p>\n<p>Aspectos conceituais, cl\u00ednicos e epidemiol\u00f3gicos do adoecimento mental relacionado ao trabalho, Abordagem cl\u00ednica do trabalhador portador de transtornos mentais \u2013 o trabalho como terapia ou como desencadeador e agravante do quadro e Desafios para o m\u00e9dico do trabalho que lida com o trabalhador em sofrimento mental ou adoecido est\u00e3o entre os temas a serem abordados nesta sexta-feira. Confira abaixo algumas imagens do segundo dia do evento:<\/p>\n<p><img decoding=\"async\" class=\"alignnone size-full wp-image-31427\" src=\"https:\/\/www.anamt.org.br\/portal\/wp-content\/uploads\/2017\/09\/FJO2226.jpg\" alt=\"\" width=\"1000\" height=\"666\" srcset=\"https:\/\/www.anamt.org.br\/portal\/wp-content\/uploads\/2017\/09\/FJO2226-200x133.jpg 200w, https:\/\/www.anamt.org.br\/portal\/wp-content\/uploads\/2017\/09\/FJO2226-300x200.jpg 300w, https:\/\/www.anamt.org.br\/portal\/wp-content\/uploads\/2017\/09\/FJO2226-400x266.jpg 400w, https:\/\/www.anamt.org.br\/portal\/wp-content\/uploads\/2017\/09\/FJO2226-600x400.jpg 600w, https:\/\/www.anamt.org.br\/portal\/wp-content\/uploads\/2017\/09\/FJO2226-768x511.jpg 768w, https:\/\/www.anamt.org.br\/portal\/wp-content\/uploads\/2017\/09\/FJO2226-800x533.jpg 800w, https:\/\/www.anamt.org.br\/portal\/wp-content\/uploads\/2017\/09\/FJO2226.jpg 1000w\" sizes=\"(max-width: 1000px) 100vw, 1000px\" \/><\/p>\n<p><img decoding=\"async\" class=\"alignnone size-full wp-image-31432\" src=\"https:\/\/www.anamt.org.br\/portal\/wp-content\/uploads\/2017\/09\/FJO2245.jpg\" alt=\"\" width=\"1000\" height=\"666\" srcset=\"https:\/\/www.anamt.org.br\/portal\/wp-content\/uploads\/2017\/09\/FJO2245-200x133.jpg 200w, https:\/\/www.anamt.org.br\/portal\/wp-content\/uploads\/2017\/09\/FJO2245-300x200.jpg 300w, https:\/\/www.anamt.org.br\/portal\/wp-content\/uploads\/2017\/09\/FJO2245-400x266.jpg 400w, https:\/\/www.anamt.org.br\/portal\/wp-content\/uploads\/2017\/09\/FJO2245-600x400.jpg 600w, https:\/\/www.anamt.org.br\/portal\/wp-content\/uploads\/2017\/09\/FJO2245-768x511.jpg 768w, https:\/\/www.anamt.org.br\/portal\/wp-content\/uploads\/2017\/09\/FJO2245-800x533.jpg 800w, https:\/\/www.anamt.org.br\/portal\/wp-content\/uploads\/2017\/09\/FJO2245.jpg 1000w\" sizes=\"(max-width: 1000px) 100vw, 1000px\" \/> <img decoding=\"async\" class=\"alignnone size-full wp-image-31433\" src=\"https:\/\/www.anamt.org.br\/portal\/wp-content\/uploads\/2017\/09\/FJO2252.jpg\" alt=\"\" width=\"1000\" height=\"666\" srcset=\"https:\/\/www.anamt.org.br\/portal\/wp-content\/uploads\/2017\/09\/FJO2252-200x133.jpg 200w, https:\/\/www.anamt.org.br\/portal\/wp-content\/uploads\/2017\/09\/FJO2252-300x200.jpg 300w, https:\/\/www.anamt.org.br\/portal\/wp-content\/uploads\/2017\/09\/FJO2252-400x266.jpg 400w, https:\/\/www.anamt.org.br\/portal\/wp-content\/uploads\/2017\/09\/FJO2252-600x400.jpg 600w, https:\/\/www.anamt.org.br\/portal\/wp-content\/uploads\/2017\/09\/FJO2252-768x511.jpg 768w, https:\/\/www.anamt.org.br\/portal\/wp-content\/uploads\/2017\/09\/FJO2252-800x533.jpg 800w, https:\/\/www.anamt.org.br\/portal\/wp-content\/uploads\/2017\/09\/FJO2252.jpg 1000w\" sizes=\"(max-width: 1000px) 100vw, 1000px\" \/> <img decoding=\"async\" class=\"alignnone size-full wp-image-31435\" src=\"https:\/\/www.anamt.org.br\/portal\/wp-content\/uploads\/2017\/09\/FJO2273.jpg\" alt=\"\" width=\"1000\" height=\"666\" srcset=\"https:\/\/www.anamt.org.br\/portal\/wp-content\/uploads\/2017\/09\/FJO2273-200x133.jpg 200w, https:\/\/www.anamt.org.br\/portal\/wp-content\/uploads\/2017\/09\/FJO2273-300x200.jpg 300w, https:\/\/www.anamt.org.br\/portal\/wp-content\/uploads\/2017\/09\/FJO2273-400x266.jpg 400w, https:\/\/www.anamt.org.br\/portal\/wp-content\/uploads\/2017\/09\/FJO2273-600x400.jpg 600w, https:\/\/www.anamt.org.br\/portal\/wp-content\/uploads\/2017\/09\/FJO2273-768x511.jpg 768w, https:\/\/www.anamt.org.br\/portal\/wp-content\/uploads\/2017\/09\/FJO2273-800x533.jpg 800w, https:\/\/www.anamt.org.br\/portal\/wp-content\/uploads\/2017\/09\/FJO2273.jpg 1000w\" sizes=\"(max-width: 1000px) 100vw, 1000px\" \/> <img decoding=\"async\" class=\"alignnone size-full wp-image-31431\" src=\"https:\/\/www.anamt.org.br\/portal\/wp-content\/uploads\/2017\/09\/FJO2241.jpg\" alt=\"\" width=\"1000\" height=\"666\" srcset=\"https:\/\/www.anamt.org.br\/portal\/wp-content\/uploads\/2017\/09\/FJO2241-200x133.jpg 200w, https:\/\/www.anamt.org.br\/portal\/wp-content\/uploads\/2017\/09\/FJO2241-300x200.jpg 300w, https:\/\/www.anamt.org.br\/portal\/wp-content\/uploads\/2017\/09\/FJO2241-400x266.jpg 400w, https:\/\/www.anamt.org.br\/portal\/wp-content\/uploads\/2017\/09\/FJO2241-600x400.jpg 600w, https:\/\/www.anamt.org.br\/portal\/wp-content\/uploads\/2017\/09\/FJO2241-768x511.jpg 768w, https:\/\/www.anamt.org.br\/portal\/wp-content\/uploads\/2017\/09\/FJO2241-800x533.jpg 800w, https:\/\/www.anamt.org.br\/portal\/wp-content\/uploads\/2017\/09\/FJO2241.jpg 1000w\" sizes=\"(max-width: 1000px) 100vw, 1000px\" \/> <img decoding=\"async\" class=\"alignnone size-full wp-image-31428\" src=\"https:\/\/www.anamt.org.br\/portal\/wp-content\/uploads\/2017\/09\/FJO2234.jpg\" alt=\"\" width=\"1000\" height=\"666\" srcset=\"https:\/\/www.anamt.org.br\/portal\/wp-content\/uploads\/2017\/09\/FJO2234-200x133.jpg 200w, https:\/\/www.anamt.org.br\/portal\/wp-content\/uploads\/2017\/09\/FJO2234-300x200.jpg 300w, https:\/\/www.anamt.org.br\/portal\/wp-content\/uploads\/2017\/09\/FJO2234-400x266.jpg 400w, https:\/\/www.anamt.org.br\/portal\/wp-content\/uploads\/2017\/09\/FJO2234-600x400.jpg 600w, https:\/\/www.anamt.org.br\/portal\/wp-content\/uploads\/2017\/09\/FJO2234-768x511.jpg 768w, https:\/\/www.anamt.org.br\/portal\/wp-content\/uploads\/2017\/09\/FJO2234-800x533.jpg 800w, https:\/\/www.anamt.org.br\/portal\/wp-content\/uploads\/2017\/09\/FJO2234.jpg 1000w\" sizes=\"(max-width: 1000px) 100vw, 1000px\" \/> <img decoding=\"async\" class=\"alignnone size-full wp-image-31430\" src=\"https:\/\/www.anamt.org.br\/portal\/wp-content\/uploads\/2017\/09\/FJO2239.jpg\" alt=\"\" width=\"1000\" height=\"666\" srcset=\"https:\/\/www.anamt.org.br\/portal\/wp-content\/uploads\/2017\/09\/FJO2239-200x133.jpg 200w, https:\/\/www.anamt.org.br\/portal\/wp-content\/uploads\/2017\/09\/FJO2239-300x200.jpg 300w, https:\/\/www.anamt.org.br\/portal\/wp-content\/uploads\/2017\/09\/FJO2239-400x266.jpg 400w, https:\/\/www.anamt.org.br\/portal\/wp-content\/uploads\/2017\/09\/FJO2239-600x400.jpg 600w, https:\/\/www.anamt.org.br\/portal\/wp-content\/uploads\/2017\/09\/FJO2239-768x511.jpg 768w, https:\/\/www.anamt.org.br\/portal\/wp-content\/uploads\/2017\/09\/FJO2239-800x533.jpg 800w, https:\/\/www.anamt.org.br\/portal\/wp-content\/uploads\/2017\/09\/FJO2239.jpg 1000w\" sizes=\"(max-width: 1000px) 100vw, 1000px\" \/><\/p>\n","protected":false},"excerpt":{"rendered":"<p>A programa\u00e7\u00e3o de simp\u00f3sios e confer\u00eancias do Semin\u00e1rio Sudeste ANAMT continua nesta sexta-feira (8). Entre os temas a serem abordados, Reflex\u00e3o sobre transtornos mentais comuns entre pessoas que est\u00e3o trabalhando e o papel do m\u00e9dico do trabalho na adapta\u00e7\u00e3o e orienta\u00e7\u00e3o de medidas terap\u00eauticas adequadas e As compet\u00eancias do M\u00e9dico do Trabalho para o cuidado [&hellip;]<\/p>\n","protected":false},"author":1,"featured_media":31437,"comment_status":"closed","ping_status":"closed","sticky":false,"template":"","format":"standard","meta":{"footnotes":""},"categories":[78],"tags":[],"_links":{"self":[{"href":"https:\/\/www.anamt.org.br\/portal\/wp-json\/wp\/v2\/posts\/31425"}],"collection":[{"href":"https:\/\/www.anamt.org.br\/portal\/wp-json\/wp\/v2\/posts"}],"about":[{"href":"https:\/\/www.anamt.org.br\/portal\/wp-json\/wp\/v2\/types\/post"}],"author":[{"embeddable":true,"href":"https:\/\/www.anamt.org.br\/portal\/wp-json\/wp\/v2\/users\/1"}],"replies":[{"embeddable":true,"href":"https:\/\/www.anamt.org.br\/portal\/wp-json\/wp\/v2\/comments?post=31425"}],"version-history":[{"count":0,"href":"https:\/\/www.anamt.org.br\/portal\/wp-json\/wp\/v2\/posts\/31425\/revisions"}],"wp:featuredmedia":[{"embeddable":true,"href":"https:\/\/www.anamt.org.br\/portal\/wp-json\/wp\/v2\/media\/31437"}],"wp:attachment":[{"href":"https:\/\/www.anamt.org.br\/portal\/wp-json\/wp\/v2\/media?parent=31425"}],"wp:term":[{"taxonomy":"category","embeddable":true,"href":"https:\/\/www.anamt.org.br\/portal\/wp-json\/wp\/v2\/categories?post=31425"},{"taxonomy":"post_tag","embeddable":true,"href":"https:\/\/www.anamt.org.br\/portal\/wp-json\/wp\/v2\/tags?post=31425"}],"curies":[{"name":"wp","href":"https:\/\/api.w.org\/{rel}","templated":true}]}}