{"id":31369,"date":"2017-09-01T11:46:12","date_gmt":"2017-09-01T14:46:12","guid":{"rendered":"https:\/\/www.anamt.org.br\/portal\/?p=31369"},"modified":"2017-09-01T11:46:12","modified_gmt":"2017-09-01T14:46:12","slug":"diretrizes-estabelecerao-criterios-diagnosticos-de-mesotelioma","status":"publish","type":"post","link":"https:\/\/www.anamt.org.br\/portal\/2017\/09\/01\/diretrizes-estabelecerao-criterios-diagnosticos-de-mesotelioma\/","title":{"rendered":"Diretrizes estabelecer\u00e3o crit\u00e9rios diagn\u00f3sticos de mesotelioma"},"content":{"rendered":"<p>A primeira reuni\u00e3o para elabora\u00e7\u00e3o das Diretrizes Diagn\u00f3sticas de Mesotelioma Maligno de Pleura ocorreu na Fundacentro, em S\u00e3o Paulo\/SP, nos dias 16 e 17 de agosto. V\u00e1rias institui\u00e7\u00f5es se uniram para criar uma proposta de crit\u00e9rios diagn\u00f3sticos de mesotelioma maligno de pleura, tumor que pode ser causado pelo amianto e leva \u00e0 morte.<\/p>\n<p>Espera-se com isso subsidiar profissionais com ferramentas para sistematizar e padronizar os procedimentos diagn\u00f3sticos de mesotelioma, reduzir o subdiagn\u00f3stico desse tipo de c\u00e2ncer no Brasil e fortalecer as estrat\u00e9gias de vigil\u00e2ncia dessa neoplasia no pa\u00eds.<\/p>\n<p>Para tanto, foi formado um Comit\u00ea Gestor coordenado pela gerente da \u00c1rea de Vigil\u00e2ncia do C\u00e2ncer Relacionado ao Trabalho e ao Ambiente da Coordena\u00e7\u00e3o de Preven\u00e7\u00e3o e Vigil\u00e2ncia (Conprev\/Inca) Ubirani Otero e M\u00e1rcia Mello, pesquisadora do Inca, pelo m\u00e9dico pneumologista e chefe do Servi\u00e7o de Medicina da Fundacentro, Eduardo Algranti, e por Hermano Castro, m\u00e9dico pneumologista e diretor da Escola Nacional de Sa\u00fade P\u00fablica-ENSP da Fiocruz.<\/p>\n<p>\u201cEsse protocolo \u00e9 importante por integrar aspectos patol\u00f3gicos, hist\u00f3ricos, cl\u00ednicos e diagn\u00f3sticos\u201d, explica Algranti. Neste primeiro encontro, buscou-se apresentar a metodologia que ser\u00e1 utilizada para a elabora\u00e7\u00e3o das diretrizes, processo que deve levar de 12 a 18 meses at\u00e9 a publica\u00e7\u00e3o do documento pelo Minist\u00e9rio da Sa\u00fade, que orientar\u00e1 os m\u00e9dicos a fazerem o diagn\u00f3stico do mesotelioma maligno de pleura.<\/p>\n<p>A proposta de se produzir as orienta\u00e7\u00f5es surgiu em 2016 na cidade de Campinas\/SP em semin\u00e1rio sobre asbestos organizado pelo Minist\u00e9rio P\u00fablico do Trabalho. A coordena\u00e7\u00e3o ficou a cargo da Unidade T\u00e9cnica de Exposi\u00e7\u00e3o Ambiental, Ocupacional e C\u00e2ncer do Inca, que entrou em contato com outras \u00e1reas do Minist\u00e9rio da Sa\u00fade e definiu o formato de diretrizes baseadas em evid\u00eancia.<\/p>\n<p>\u201cAo mesmo tempo foram formuladas perguntas que deveriam ser respondidas pelas diretrizes, enfocando o diagn\u00f3stico do mesotelioma de pleura. Tamb\u00e9m foram indicados profissionais que atuam na \u00e1rea de patologia, cl\u00ednica e imagem para composi\u00e7\u00e3o do grupo de especialistas e formado o grupo gestor\u201d, conta o m\u00e9dico pneumologista da Fundacentro.<\/p>\n<p><em>Fonte: Fundacentro<\/em><\/p>\n","protected":false},"excerpt":{"rendered":"<p>A primeira reuni\u00e3o para elabora\u00e7\u00e3o das Diretrizes Diagn\u00f3sticas de Mesotelioma Maligno de Pleura ocorreu na Fundacentro, em S\u00e3o Paulo\/SP, nos dias 16 e 17 de agosto. V\u00e1rias institui\u00e7\u00f5es se uniram para criar uma proposta de crit\u00e9rios diagn\u00f3sticos de mesotelioma maligno de pleura, tumor que pode ser causado pelo amianto e leva \u00e0 morte. Espera-se com [&hellip;]<\/p>\n","protected":false},"author":1,"featured_media":31370,"comment_status":"closed","ping_status":"closed","sticky":false,"template":"","format":"standard","meta":{"footnotes":""},"categories":[78],"tags":[],"_links":{"self":[{"href":"https:\/\/www.anamt.org.br\/portal\/wp-json\/wp\/v2\/posts\/31369"}],"collection":[{"href":"https:\/\/www.anamt.org.br\/portal\/wp-json\/wp\/v2\/posts"}],"about":[{"href":"https:\/\/www.anamt.org.br\/portal\/wp-json\/wp\/v2\/types\/post"}],"author":[{"embeddable":true,"href":"https:\/\/www.anamt.org.br\/portal\/wp-json\/wp\/v2\/users\/1"}],"replies":[{"embeddable":true,"href":"https:\/\/www.anamt.org.br\/portal\/wp-json\/wp\/v2\/comments?post=31369"}],"version-history":[{"count":0,"href":"https:\/\/www.anamt.org.br\/portal\/wp-json\/wp\/v2\/posts\/31369\/revisions"}],"wp:featuredmedia":[{"embeddable":true,"href":"https:\/\/www.anamt.org.br\/portal\/wp-json\/wp\/v2\/media\/31370"}],"wp:attachment":[{"href":"https:\/\/www.anamt.org.br\/portal\/wp-json\/wp\/v2\/media?parent=31369"}],"wp:term":[{"taxonomy":"category","embeddable":true,"href":"https:\/\/www.anamt.org.br\/portal\/wp-json\/wp\/v2\/categories?post=31369"},{"taxonomy":"post_tag","embeddable":true,"href":"https:\/\/www.anamt.org.br\/portal\/wp-json\/wp\/v2\/tags?post=31369"}],"curies":[{"name":"wp","href":"https:\/\/api.w.org\/{rel}","templated":true}]}}