{"id":31359,"date":"2017-08-31T10:07:42","date_gmt":"2017-08-31T13:07:42","guid":{"rendered":"https:\/\/www.anamt.org.br\/portal\/?p=31359"},"modified":"2017-08-31T10:07:42","modified_gmt":"2017-08-31T13:07:42","slug":"apamt-acompanhe-o-calendario-de-eventos-da-filiada-no-parana","status":"publish","type":"post","link":"https:\/\/www.anamt.org.br\/portal\/2017\/08\/31\/apamt-acompanhe-o-calendario-de-eventos-da-filiada-no-parana\/","title":{"rendered":"APAMT: acompanhe o calend\u00e1rio de eventos da filiada no Paran\u00e1"},"content":{"rendered":"<p>A Associa\u00e7\u00e3o M\u00e9dica do Paran\u00e1 promove, no dia 16 de setembro, o 1\u00ba\u00a0 Encontro Paranaense de Medicina do Trabalho e Recursos Humanos. <a href=\"http:\/\/www.apamt.org.br\/evento_det.php?cod=75\" target=\"_blank\" rel=\"noopener noreferrer\">Inscri\u00e7\u00f5es pelo site at\u00e9 13 de setembro<\/a>. Ap\u00f3s esta data, somente no local, mediante disponibilidade de vagas.<\/p>\n<p><img decoding=\"async\" class=\"alignnone wp-image-31360 size-full\" src=\"https:\/\/www.anamt.org.br\/portal\/wp-content\/uploads\/2017\/08\/eventos_APAMT_setembro.jpg\" alt=\"\" width=\"650\" height=\"189\" srcset=\"https:\/\/www.anamt.org.br\/portal\/wp-content\/uploads\/2017\/08\/eventos_APAMT_setembro-200x58.jpg 200w, https:\/\/www.anamt.org.br\/portal\/wp-content\/uploads\/2017\/08\/eventos_APAMT_setembro-300x87.jpg 300w, https:\/\/www.anamt.org.br\/portal\/wp-content\/uploads\/2017\/08\/eventos_APAMT_setembro-400x116.jpg 400w, https:\/\/www.anamt.org.br\/portal\/wp-content\/uploads\/2017\/08\/eventos_APAMT_setembro-600x174.jpg 600w, https:\/\/www.anamt.org.br\/portal\/wp-content\/uploads\/2017\/08\/eventos_APAMT_setembro.jpg 650w\" sizes=\"(max-width: 650px) 100vw, 650px\" \/><\/p>\n<p>J\u00e1 entre os dias 30 de novembro e 1\u00ba de dezembro, a filiada sediar\u00e1 a XXXII Jornada Paranaense de Sa\u00fade Ocupacional e o V Congresso Paranaense de Medicina do Trabalho. Para inscrever-se e saber mais informa\u00e7\u00f5es sobre a programa\u00e7\u00e3o, <a href=\"http:\/\/congressoapamt.com.br\/index.php\">visite o site oficial do evento<\/a>.<\/p>\n<p><img decoding=\"async\" class=\"alignnone size-full wp-image-31356\" src=\"https:\/\/www.anamt.org.br\/portal\/wp-content\/uploads\/2017\/08\/eventos_APAMT_novembro.jpg\" alt=\"\" width=\"650\" height=\"169\" srcset=\"https:\/\/www.anamt.org.br\/portal\/wp-content\/uploads\/2017\/08\/eventos_APAMT_novembro-200x52.jpg 200w, https:\/\/www.anamt.org.br\/portal\/wp-content\/uploads\/2017\/08\/eventos_APAMT_novembro-300x78.jpg 300w, https:\/\/www.anamt.org.br\/portal\/wp-content\/uploads\/2017\/08\/eventos_APAMT_novembro-400x104.jpg 400w, https:\/\/www.anamt.org.br\/portal\/wp-content\/uploads\/2017\/08\/eventos_APAMT_novembro-600x156.jpg 600w, https:\/\/www.anamt.org.br\/portal\/wp-content\/uploads\/2017\/08\/eventos_APAMT_novembro.jpg 650w\" sizes=\"(max-width: 650px) 100vw, 650px\" \/><\/p>\n","protected":false},"excerpt":{"rendered":"<p>A Associa\u00e7\u00e3o M\u00e9dica do Paran\u00e1 promove, no dia 16 de setembro, o 1\u00ba\u00a0 Encontro Paranaense de Medicina do Trabalho e Recursos Humanos. Inscri\u00e7\u00f5es pelo site at\u00e9 13 de setembro. Ap\u00f3s esta data, somente no local, mediante disponibilidade de vagas. J\u00e1 entre os dias 30 de novembro e 1\u00ba de dezembro, a filiada sediar\u00e1 a XXXII [&hellip;]<\/p>\n","protected":false},"author":1,"featured_media":30783,"comment_status":"closed","ping_status":"closed","sticky":false,"template":"","format":"standard","meta":{"footnotes":""},"categories":[78],"tags":[],"_links":{"self":[{"href":"https:\/\/www.anamt.org.br\/portal\/wp-json\/wp\/v2\/posts\/31359"}],"collection":[{"href":"https:\/\/www.anamt.org.br\/portal\/wp-json\/wp\/v2\/posts"}],"about":[{"href":"https:\/\/www.anamt.org.br\/portal\/wp-json\/wp\/v2\/types\/post"}],"author":[{"embeddable":true,"href":"https:\/\/www.anamt.org.br\/portal\/wp-json\/wp\/v2\/users\/1"}],"replies":[{"embeddable":true,"href":"https:\/\/www.anamt.org.br\/portal\/wp-json\/wp\/v2\/comments?post=31359"}],"version-history":[{"count":0,"href":"https:\/\/www.anamt.org.br\/portal\/wp-json\/wp\/v2\/posts\/31359\/revisions"}],"wp:featuredmedia":[{"embeddable":true,"href":"https:\/\/www.anamt.org.br\/portal\/wp-json\/wp\/v2\/media\/30783"}],"wp:attachment":[{"href":"https:\/\/www.anamt.org.br\/portal\/wp-json\/wp\/v2\/media?parent=31359"}],"wp:term":[{"taxonomy":"category","embeddable":true,"href":"https:\/\/www.anamt.org.br\/portal\/wp-json\/wp\/v2\/categories?post=31359"},{"taxonomy":"post_tag","embeddable":true,"href":"https:\/\/www.anamt.org.br\/portal\/wp-json\/wp\/v2\/tags?post=31359"}],"curies":[{"name":"wp","href":"https:\/\/api.w.org\/{rel}","templated":true}]}}