{"id":31357,"date":"2017-08-31T09:38:07","date_gmt":"2017-08-31T12:38:07","guid":{"rendered":"https:\/\/www.anamt.org.br\/portal\/?p=31357"},"modified":"2017-08-31T09:38:07","modified_gmt":"2017-08-31T12:38:07","slug":"xxxii-jornada-paranaense-de-saude-ocupacional-e-v-congresso-paranaense-de-medicina-do-trabalho","status":"publish","type":"post","link":"https:\/\/www.anamt.org.br\/portal\/2017\/08\/31\/xxxii-jornada-paranaense-de-saude-ocupacional-e-v-congresso-paranaense-de-medicina-do-trabalho\/","title":{"rendered":"XXXII Jornada Paranaense de Sa\u00fade Ocupacional e V Congresso Paranaense de Medicina do Trabalho"},"content":{"rendered":"<h5>Data<\/h5>\n<p>30\/11\/2017<\/p>\n<h5>Local<\/h5>\n<p>Paran\u00e1<\/p>\n<p>A Associa\u00e7\u00e3o M\u00e9dica do Paran\u00e1 promove, entre os dias 30 de novembro e 1\u00ba de dezembro, o XXXII Jornada Paranaense de Sa\u00fade Ocupacional e V Congresso Paranaense de Medicina do Trabalho. Para inscrever-se e saber mais informa\u00e7\u00f5es sobre a programa\u00e7\u00e3o, <a href=\"http:\/\/congressoapamt.com.br\/index.php\">visite o site oficial do evento<\/a>.<\/p>\n<p><img decoding=\"async\" class=\"alignnone size-full wp-image-31356\" src=\"https:\/\/www.anamt.org.br\/portal\/wp-content\/uploads\/2017\/08\/eventos_APAMT_novembro.jpg\" alt=\"\" width=\"650\" height=\"169\" srcset=\"https:\/\/www.anamt.org.br\/portal\/wp-content\/uploads\/2017\/08\/eventos_APAMT_novembro-200x52.jpg 200w, https:\/\/www.anamt.org.br\/portal\/wp-content\/uploads\/2017\/08\/eventos_APAMT_novembro-300x78.jpg 300w, https:\/\/www.anamt.org.br\/portal\/wp-content\/uploads\/2017\/08\/eventos_APAMT_novembro-400x104.jpg 400w, https:\/\/www.anamt.org.br\/portal\/wp-content\/uploads\/2017\/08\/eventos_APAMT_novembro-600x156.jpg 600w, https:\/\/www.anamt.org.br\/portal\/wp-content\/uploads\/2017\/08\/eventos_APAMT_novembro.jpg 650w\" sizes=\"(max-width: 650px) 100vw, 650px\" \/><\/p>\n<p>&nbsp;<\/p>\n","protected":false},"excerpt":{"rendered":"<p>Data 30\/11\/2017 Local Paran\u00e1 A Associa\u00e7\u00e3o M\u00e9dica do Paran\u00e1 promove, entre os dias 30 de novembro e 1\u00ba de dezembro, o XXXII Jornada Paranaense de Sa\u00fade Ocupacional e V Congresso Paranaense de Medicina do Trabalho. Para inscrever-se e saber mais informa\u00e7\u00f5es sobre a programa\u00e7\u00e3o, visite o site oficial do evento. &nbsp;<\/p>\n","protected":false},"author":1,"featured_media":0,"comment_status":"closed","ping_status":"closed","sticky":false,"template":"","format":"standard","meta":{"footnotes":""},"categories":[190],"tags":[],"_links":{"self":[{"href":"https:\/\/www.anamt.org.br\/portal\/wp-json\/wp\/v2\/posts\/31357"}],"collection":[{"href":"https:\/\/www.anamt.org.br\/portal\/wp-json\/wp\/v2\/posts"}],"about":[{"href":"https:\/\/www.anamt.org.br\/portal\/wp-json\/wp\/v2\/types\/post"}],"author":[{"embeddable":true,"href":"https:\/\/www.anamt.org.br\/portal\/wp-json\/wp\/v2\/users\/1"}],"replies":[{"embeddable":true,"href":"https:\/\/www.anamt.org.br\/portal\/wp-json\/wp\/v2\/comments?post=31357"}],"version-history":[{"count":0,"href":"https:\/\/www.anamt.org.br\/portal\/wp-json\/wp\/v2\/posts\/31357\/revisions"}],"wp:attachment":[{"href":"https:\/\/www.anamt.org.br\/portal\/wp-json\/wp\/v2\/media?parent=31357"}],"wp:term":[{"taxonomy":"category","embeddable":true,"href":"https:\/\/www.anamt.org.br\/portal\/wp-json\/wp\/v2\/categories?post=31357"},{"taxonomy":"post_tag","embeddable":true,"href":"https:\/\/www.anamt.org.br\/portal\/wp-json\/wp\/v2\/tags?post=31357"}],"curies":[{"name":"wp","href":"https:\/\/api.w.org\/{rel}","templated":true}]}}