{"id":31350,"date":"2017-08-31T09:31:40","date_gmt":"2017-08-31T12:31:40","guid":{"rendered":"https:\/\/www.anamt.org.br\/portal\/?p=31350"},"modified":"2017-08-31T09:31:40","modified_gmt":"2017-08-31T12:31:40","slug":"1o-encontro-paranaense-de-medicina-do-trabalho-e-recursos-humanos","status":"publish","type":"post","link":"https:\/\/www.anamt.org.br\/portal\/2017\/08\/31\/1o-encontro-paranaense-de-medicina-do-trabalho-e-recursos-humanos\/","title":{"rendered":"1\u00ba Encontro Paranaense de Medicina do Trabalho e Recursos Humanos"},"content":{"rendered":"<h5>Data<\/h5>\n<p>13\/09\/2017<\/p>\n<h5>Local<\/h5>\n<p>Paran\u00e1<\/p>\n<p>A Associa\u00e7\u00e3o M\u00e9dica do Paran\u00e1 promove, no dia 16 de setembro, o 1\u00ba\u00a0 Encontro Paranaense de Medicina do Trabalho e Recursos Humanos. <a href=\"http:\/\/www.apamt.org.br\/evento_det.php?cod=75\" target=\"_blank\" rel=\"noopener noreferrer\">Inscri\u00e7\u00f5es pelo site at\u00e9 13 de setembro<\/a>. Ap\u00f3s esta data, somente no local, mediante disponibilidade de vagas.<\/p>\n<p><img decoding=\"async\" class=\"alignnone size-full wp-image-31351\" src=\"https:\/\/www.anamt.org.br\/portal\/wp-content\/uploads\/2017\/08\/20170825145513.jpg\" alt=\"\" width=\"650\" height=\"1427\" srcset=\"https:\/\/www.anamt.org.br\/portal\/wp-content\/uploads\/2017\/08\/20170825145513-137x300.jpg 137w, https:\/\/www.anamt.org.br\/portal\/wp-content\/uploads\/2017\/08\/20170825145513-200x439.jpg 200w, https:\/\/www.anamt.org.br\/portal\/wp-content\/uploads\/2017\/08\/20170825145513-400x878.jpg 400w, https:\/\/www.anamt.org.br\/portal\/wp-content\/uploads\/2017\/08\/20170825145513-466x1024.jpg 466w, https:\/\/www.anamt.org.br\/portal\/wp-content\/uploads\/2017\/08\/20170825145513-600x1317.jpg 600w, https:\/\/www.anamt.org.br\/portal\/wp-content\/uploads\/2017\/08\/20170825145513.jpg 650w\" sizes=\"(max-width: 650px) 100vw, 650px\" \/><\/p>\n<p>&nbsp;<\/p>\n","protected":false},"excerpt":{"rendered":"<p>Data 13\/09\/2017 Local Paran\u00e1 A Associa\u00e7\u00e3o M\u00e9dica do Paran\u00e1 promove, no dia 16 de setembro, o 1\u00ba\u00a0 Encontro Paranaense de Medicina do Trabalho e Recursos Humanos. Inscri\u00e7\u00f5es pelo site at\u00e9 13 de setembro. Ap\u00f3s esta data, somente no local, mediante disponibilidade de vagas. &nbsp;<\/p>\n","protected":false},"author":1,"featured_media":0,"comment_status":"closed","ping_status":"closed","sticky":false,"template":"","format":"standard","meta":{"footnotes":""},"categories":[190],"tags":[],"_links":{"self":[{"href":"https:\/\/www.anamt.org.br\/portal\/wp-json\/wp\/v2\/posts\/31350"}],"collection":[{"href":"https:\/\/www.anamt.org.br\/portal\/wp-json\/wp\/v2\/posts"}],"about":[{"href":"https:\/\/www.anamt.org.br\/portal\/wp-json\/wp\/v2\/types\/post"}],"author":[{"embeddable":true,"href":"https:\/\/www.anamt.org.br\/portal\/wp-json\/wp\/v2\/users\/1"}],"replies":[{"embeddable":true,"href":"https:\/\/www.anamt.org.br\/portal\/wp-json\/wp\/v2\/comments?post=31350"}],"version-history":[{"count":0,"href":"https:\/\/www.anamt.org.br\/portal\/wp-json\/wp\/v2\/posts\/31350\/revisions"}],"wp:attachment":[{"href":"https:\/\/www.anamt.org.br\/portal\/wp-json\/wp\/v2\/media?parent=31350"}],"wp:term":[{"taxonomy":"category","embeddable":true,"href":"https:\/\/www.anamt.org.br\/portal\/wp-json\/wp\/v2\/categories?post=31350"},{"taxonomy":"post_tag","embeddable":true,"href":"https:\/\/www.anamt.org.br\/portal\/wp-json\/wp\/v2\/tags?post=31350"}],"curies":[{"name":"wp","href":"https:\/\/api.w.org\/{rel}","templated":true}]}}