{"id":31346,"date":"2017-08-30T14:59:53","date_gmt":"2017-08-30T17:59:53","guid":{"rendered":"https:\/\/www.anamt.org.br\/portal\/?p=31346"},"modified":"2017-08-30T15:02:52","modified_gmt":"2017-08-30T18:02:52","slug":"seminario-sudeste-anamt-cursos-do-evento-sao-sorteados","status":"publish","type":"post","link":"https:\/\/www.anamt.org.br\/portal\/2017\/08\/30\/seminario-sudeste-anamt-cursos-do-evento-sao-sorteados\/","title":{"rendered":"Semin\u00e1rio Sudeste ANAMT: cursos do evento s\u00e3o sorteados"},"content":{"rendered":"<p>A ANAMT sorteiou nesta ter\u00e7a-feira (29) sete cursos pr\u00e9 ou p\u00f3s-congresso do Semin\u00e1rio Sudeste da Associa\u00e7\u00e3o, que ser\u00e1 realizado entre 7 e 9 de setembro, em Belo Horizonte (MG). O sorteio ocorreu na sede da ANAMT, em S\u00e3o Paulo (SP) entre os inscritos no evento at\u00e9 7 de agosto.<\/p>\n<p>Foram sorteados os seguintes inscritos:<\/p>\n<p>&#8211; Henrique Mineiro do Nascimento Cavalcante<br \/>\n&#8211; Jeisiane Soares Ramanzini<br \/>\n&#8211; Maria das Gra\u00e7as Caus de Souza<br \/>\n&#8211; Pietro Aguiar Tavares de Paula Gomes<br \/>\n&#8211; Rafael Dualibe Murici Lentine<br \/>\n&#8211; Rafael Mozer Ribeiro<br \/>\n&#8211; Renan Fonseca Fran\u00e7a Ribeiro<\/p>\n<p>O sorteio est\u00e1 dispon\u00edvel <a href=\"http:\/\/www.sorteandoja.com.br\/sorteio\/1504033938-anamt\/\" target=\"_blank\" rel=\"noopener noreferrer\">neste link<\/a>. Mais informa\u00e7\u00f5es sobre o sorteio e os cursos, com a secretaria da ANAMT pelo telefone (11)3251-0849.<\/p>\n<p>As inscri\u00e7\u00f5es para o Semin\u00e1rio Sudeste seguem abertas at\u00e9 1\u00ba de setembro. Para inscrever-se e obter mais informa\u00e7\u00f5es, no site do evento: <a href=\"http:\/\/seminariosanamt.com.br\/seminariosudeste\/\" target=\"_blank\" rel=\"noopener noreferrer\">www.seminariosanamt.com.br\/seminariosudeste<\/a>.<\/p>\n<p><a href=\"https:\/\/www.facebook.com\/anamt.org.br\/videos\/1846975585617247\/\">https:\/\/www.facebook.com\/anamt.org.br\/videos\/1846975585617247\/<\/a><\/p>\n","protected":false},"excerpt":{"rendered":"<p>A ANAMT sorteiou nesta ter\u00e7a-feira (29) sete cursos pr\u00e9 ou p\u00f3s-congresso do Semin\u00e1rio Sudeste da Associa\u00e7\u00e3o, que ser\u00e1 realizado entre 7 e 9 de setembro, em Belo Horizonte (MG). O sorteio ocorreu na sede da ANAMT, em S\u00e3o Paulo (SP) entre os inscritos no evento at\u00e9 7 de agosto. Foram sorteados os seguintes inscritos: &#8211; [&hellip;]<\/p>\n","protected":false},"author":1,"featured_media":30703,"comment_status":"closed","ping_status":"closed","sticky":false,"template":"","format":"standard","meta":{"footnotes":""},"categories":[78],"tags":[],"_links":{"self":[{"href":"https:\/\/www.anamt.org.br\/portal\/wp-json\/wp\/v2\/posts\/31346"}],"collection":[{"href":"https:\/\/www.anamt.org.br\/portal\/wp-json\/wp\/v2\/posts"}],"about":[{"href":"https:\/\/www.anamt.org.br\/portal\/wp-json\/wp\/v2\/types\/post"}],"author":[{"embeddable":true,"href":"https:\/\/www.anamt.org.br\/portal\/wp-json\/wp\/v2\/users\/1"}],"replies":[{"embeddable":true,"href":"https:\/\/www.anamt.org.br\/portal\/wp-json\/wp\/v2\/comments?post=31346"}],"version-history":[{"count":0,"href":"https:\/\/www.anamt.org.br\/portal\/wp-json\/wp\/v2\/posts\/31346\/revisions"}],"wp:featuredmedia":[{"embeddable":true,"href":"https:\/\/www.anamt.org.br\/portal\/wp-json\/wp\/v2\/media\/30703"}],"wp:attachment":[{"href":"https:\/\/www.anamt.org.br\/portal\/wp-json\/wp\/v2\/media?parent=31346"}],"wp:term":[{"taxonomy":"category","embeddable":true,"href":"https:\/\/www.anamt.org.br\/portal\/wp-json\/wp\/v2\/categories?post=31346"},{"taxonomy":"post_tag","embeddable":true,"href":"https:\/\/www.anamt.org.br\/portal\/wp-json\/wp\/v2\/tags?post=31346"}],"curies":[{"name":"wp","href":"https:\/\/api.w.org\/{rel}","templated":true}]}}