{"id":31208,"date":"2017-08-28T13:41:59","date_gmt":"2017-08-28T16:41:59","guid":{"rendered":"https:\/\/www.anamt.org.br\/portal\/?p=31208"},"modified":"2017-08-28T13:41:59","modified_gmt":"2017-08-28T16:41:59","slug":"acamt-veja-como-foi-a-xx-jornada-catarinense-de-saude-ocupacional","status":"publish","type":"post","link":"https:\/\/www.anamt.org.br\/portal\/2017\/08\/28\/acamt-veja-como-foi-a-xx-jornada-catarinense-de-saude-ocupacional\/","title":{"rendered":"ACAMT: veja como foi a XX Jornada Catarinense de Sa\u00fade Ocupacional"},"content":{"rendered":"<p>Durante os dias 18 e 19 de agosto de 2017 o munic\u00edpio de Crici\u00fama sediou a XX Jornada Catarinense de Sa\u00fade Ocupacional, promovida pela ACAMT. O t\u00edtulo \u201cNovas Compet\u00eancias na Medicina do Trabalho\u201d contou com temas de grande import\u00e2ncia nas atividades do dia a dia dos M\u00e9dicos do Trabalho e foi amplamente abordado com muita compet\u00eancia por todos os palestrantes.<\/p>\n<p>A mesa de abertura contou com a presen\u00e7a da Presidente da ANAMT, Dra. Marcia Bandini, do Exmo. Sr. Prefeito Municipal, de Crici\u00fama, Cl\u00e9sio Salvaro, da Vice-Presidente Sul da ANAMT e Presidente da ACAMT, Dra. Denise F\u00e1tima Brozozowski, da representante da Reitora da Unesc e do Presidente da SOGAMT, Dr Alexandre Escobar Dias. Outras autoridades locais estiveram presentes como a Secret\u00e1ria Municipal de Saude e o representante do Governado do Estado.<\/p>\n<p>&nbsp;<\/p>\n<p><img decoding=\"async\" src=\"http:\/\/www.acm.org.br\/acm\/acamt\/images\/jornada-criciuma-2017\/fotos\/foto1-jornada.jpg\" alt=\"\" border=\"0\" \/><\/p>\n<p><img decoding=\"async\" src=\"http:\/\/www.acm.org.br\/acm\/acamt\/images\/jornada-criciuma-2017\/fotos\/foto2-jornada.jpg\" alt=\"\" border=\"0\" \/><\/p>\n<p>Ap\u00f3s o discurso de abertura, foi cantado o Hino Nacional Brasileiro e os presentes foram brindados com uma apresenta\u00e7\u00e3o em canto e viol\u00e3o do maestro do Coral da Unesc acompanhado de uma vocalista.<\/p>\n<p><img decoding=\"async\" src=\"http:\/\/www.acm.org.br\/acm\/acamt\/images\/jornada-criciuma-2017\/fotos\/foto3-jornada.jpg\" alt=\"\" border=\"0\" \/><\/p>\n<p>Na palestra de abertura o Dr. Renato Lopes Matos (SC) falou sobre a Asma Ocupacional, ressaltando a sua detec\u00e7\u00e3o nos ambientes de trabalho. Bem como, os seus crit\u00e9rios, a import\u00e2ncia do diagnostico diferencial e o encaminhamento dos casos para tratamento precoce.<\/p>\n<p><img decoding=\"async\" src=\"http:\/\/www.acm.org.br\/acm\/acamt\/images\/jornada-criciuma-2017\/fotos\/foto4-jornada.jpg\" alt=\"\" border=\"0\" \/><\/p>\n<p><img decoding=\"async\" src=\"http:\/\/www.acm.org.br\/acm\/acamt\/images\/jornada-criciuma-2017\/fotos\/foto5-jornada.jpg\" alt=\"\" border=\"0\" \/><\/p>\n<p>Dando sequ\u00eancia, o Dr. S\u00e9rgio B. de Castro Jr. (SC) transcorreu sobre as Altera\u00e7\u00f5es radiol\u00f3gicas das patologias ocupacionais pulmonares destacando os crit\u00e9rios da Classifica\u00e7\u00e3o Internacional de Radiografias das Pneumoconioses de 2011 da OIT, como um guia diagn\u00f3stico e de classifica\u00e7\u00e3o das principais pneumoconioses existentes nos ambientes de trabalho. Na palestra do Dr. William Etchandy Lima (SC) sobre NTEP o mesmo fez uma revis\u00e3o epidemiol\u00f3gica sobre as evidencias cientificas da causalidade e colocou que o nexo t\u00e9cnico \u00e9 epidemiol\u00f3gico, e por isso deve ser sempre investigado na coletividade dos trabalhadores.<\/p>\n<p>Na Mesa Redonda intitulada Atualiza\u00e7\u00e3o em Medicina do Trabalho, os temas foram voltados para quest\u00f5es atuais dentro da legisla\u00e7\u00e3o contemplando desde a reforma trabalhista, previdenci\u00e1ria e terceiriza\u00e7\u00e3o contando com a participa\u00e7\u00e3o do Dr. Dr. M\u00e1rio Bonciani \u00a0(SP), a Lei das Gestantes com a palestra da Dra. L\u00facia Beatriz Rohde (RS) e a Lei dos Motoristas com a palestra do Dr. Ricardo Hegele (RS).<\/p>\n<p>Na Mesa Redonda com o enfoque nas Interfaces entre a Sa\u00fade Mental e Trabalho, a Dra. L\u00eada Soares Brand\u00e3o Garcia (SC) transcorreu sobre as principais doen\u00e7as mentais que podem acometer o trabalhador. Ela destacou o diagn\u00f3stico das doen\u00e7as, ouvir e examinar o paciente, mas tamb\u00e9m o cuidado que se deve ter com o ambiente de trabalho e com atividades de preven\u00e7\u00e3o em sa\u00fade mental. A Dra. Denise F. Brzozowski (SC) ao falar sobre Sa\u00fade Mental e Trabalho ressaltou a ergonomia nos ambientes de trabalho e a aten\u00e7\u00e3o ao trabalhador. Uma vez que os problemas de sa\u00fade mental e trabalho, j\u00e1 identificados em meados da d\u00e9cada de 1980, persistem, cabendo aos m\u00e9dicos do trabalho a importante tarefa de levantar as quest\u00f5es que podem levar ao adoecimento. O Juiz Dr. Rodrigo Goldschmidt (SC) palestrou sobre Sa\u00fade Mental e Aspectos Jur\u00eddicos demonstrando al\u00e9m de um profundo conhecimento e engajamento com a \u00e1rea, uma vis\u00e3o do arcabou\u00e7o jur\u00eddico, as leis trabalhistas que os M\u00e9dicos do Trabalho devem atentar-se na pratica cotidiana e utilizar para auxiliar o trabalhador.<\/p>\n<p>A XX Jornada Catarinense de Sa\u00fade Ocupacional tamb\u00e9m incentivou a constru\u00e7\u00e3o de modelos cient\u00edficos na \u00e1rea, com um painel de trabalhos cient\u00edficos em sa\u00fade do trabalhador, sendo que o primeiro colocado foi premiado com a inscri\u00e7\u00e3o para o pr\u00f3ximo Congresso Nacional da ANAMT, em 2019 na cidade de Bras\u00edlia.<\/p>\n<p><img decoding=\"async\" src=\"http:\/\/www.acm.org.br\/acm\/acamt\/images\/jornada-criciuma-2017\/fotos\/foto6-jornada.jpg\" alt=\"\" border=\"0\" \/><\/p>\n<p>A cidade de Crici\u00fama demonstrou-se al\u00e9m de um lugar acolhedor, como um centro das informa\u00e7\u00f5es e de conhecimento para a atua\u00e7\u00e3o eficiente e cientifica dos m\u00e9dicos do trabalho acompanhando as transforma\u00e7\u00f5es sociais, legais, como tamb\u00e9m as mudan\u00e7as dentro dos quadros das empresas catarinenses.<\/p>\n<p>A ACAMT agradece a presen\u00e7a de todos e mais uma vez re\u00fane os M\u00e9dicos do Trabalho e especialidades afins para promoverem o aprimoramento t\u00e9cnico e cient\u00edfico e estreita o contato com entidades relacionadas com a Sa\u00fade do Trabalhador. \u00a0Esperamos encontra-los novamente em breve!<\/p>\n<p>Um agradecimento tamb\u00e9m especial a todos nossos parceiros e promoters durante a organiza\u00e7\u00e3o e realiza\u00e7\u00e3o do evento.<\/p>\n<p>Para visualizar as fotos do evento<strong> <a href=\"http:\/\/www.acm.org.br\/acm\/acamt\/index.php\/fotos\/category\/25-xx-jornada-catarinense-2017\" target=\"_blank\" rel=\"noopener noreferrer\">clique aqui<\/a>.<\/strong><\/p>\n<p><em>(Fonte: ACM)<\/em><\/p>\n","protected":false},"excerpt":{"rendered":"<p>Durante os dias 18 e 19 de agosto de 2017 o munic\u00edpio de Crici\u00fama sediou a XX Jornada Catarinense de Sa\u00fade Ocupacional, promovida pela ACAMT. O t\u00edtulo \u201cNovas Compet\u00eancias na Medicina do Trabalho\u201d contou com temas de grande import\u00e2ncia nas atividades do dia a dia dos M\u00e9dicos do Trabalho e foi amplamente abordado com muita [&hellip;]<\/p>\n","protected":false},"author":1,"featured_media":30616,"comment_status":"closed","ping_status":"closed","sticky":false,"template":"","format":"standard","meta":{"footnotes":""},"categories":[78],"tags":[],"_links":{"self":[{"href":"https:\/\/www.anamt.org.br\/portal\/wp-json\/wp\/v2\/posts\/31208"}],"collection":[{"href":"https:\/\/www.anamt.org.br\/portal\/wp-json\/wp\/v2\/posts"}],"about":[{"href":"https:\/\/www.anamt.org.br\/portal\/wp-json\/wp\/v2\/types\/post"}],"author":[{"embeddable":true,"href":"https:\/\/www.anamt.org.br\/portal\/wp-json\/wp\/v2\/users\/1"}],"replies":[{"embeddable":true,"href":"https:\/\/www.anamt.org.br\/portal\/wp-json\/wp\/v2\/comments?post=31208"}],"version-history":[{"count":0,"href":"https:\/\/www.anamt.org.br\/portal\/wp-json\/wp\/v2\/posts\/31208\/revisions"}],"wp:featuredmedia":[{"embeddable":true,"href":"https:\/\/www.anamt.org.br\/portal\/wp-json\/wp\/v2\/media\/30616"}],"wp:attachment":[{"href":"https:\/\/www.anamt.org.br\/portal\/wp-json\/wp\/v2\/media?parent=31208"}],"wp:term":[{"taxonomy":"category","embeddable":true,"href":"https:\/\/www.anamt.org.br\/portal\/wp-json\/wp\/v2\/categories?post=31208"},{"taxonomy":"post_tag","embeddable":true,"href":"https:\/\/www.anamt.org.br\/portal\/wp-json\/wp\/v2\/tags?post=31208"}],"curies":[{"name":"wp","href":"https:\/\/api.w.org\/{rel}","templated":true}]}}