{"id":31178,"date":"2017-08-25T16:11:00","date_gmt":"2017-08-25T19:11:00","guid":{"rendered":"https:\/\/www.anamt.org.br\/portal\/?p=31178"},"modified":"2017-08-28T09:10:47","modified_gmt":"2017-08-28T12:10:47","slug":"anamt-participa-do-v-forum-de-medicina-do-trabalho-do-cfm","status":"publish","type":"post","link":"https:\/\/www.anamt.org.br\/portal\/2017\/08\/25\/anamt-participa-do-v-forum-de-medicina-do-trabalho-do-cfm\/","title":{"rendered":"ANAMT participa do V F\u00f3rum de Medicina do Trabalho do CFM"},"content":{"rendered":"<p>A ANAMT participou no dia 25 de agosto, em Bras\u00edlia (DF) do V F\u00f3rum de Medicina do Trabalho do Conselho Federal de Medicina (CFM). O vice-presidente da Associa\u00e7\u00e3o, Dr. Paulo Rebelo, representou a entidade nas mesas-redondas sobre Trabalho e Gestante: Riscos e Vulnerabilidades e O M\u00e9dico do Trabalho e a Legisla\u00e7\u00e3o: e o que Mudou?<\/p>\n<p>Ainda foram abordados temas como Envelhecimento e Trabalho: exig\u00eancia f\u00edsica, mental e psicossocial e A quarta revolu\u00e7\u00e3o e a expectativa de vida do trabalhador do futuro. Mais informa\u00e7\u00f5es sobre o evento, no <a href=\"http:\/\/www.eventos.cfm.org.br\/index.php?option=com_content&amp;view=article&amp;id=21109\" target=\"_blank\" rel=\"noopener noreferrer\">site<\/a> do CFM.<\/p>\n<p><img decoding=\"async\" class=\"alignnone size-full wp-image-31180\" src=\"https:\/\/www.anamt.org.br\/portal\/wp-content\/uploads\/2017\/08\/eventocfm.jpg\" alt=\"\" width=\"850\" height=\"544\" srcset=\"https:\/\/www.anamt.org.br\/portal\/wp-content\/uploads\/2017\/08\/eventocfm-200x128.jpg 200w, https:\/\/www.anamt.org.br\/portal\/wp-content\/uploads\/2017\/08\/eventocfm-300x192.jpg 300w, https:\/\/www.anamt.org.br\/portal\/wp-content\/uploads\/2017\/08\/eventocfm-400x256.jpg 400w, https:\/\/www.anamt.org.br\/portal\/wp-content\/uploads\/2017\/08\/eventocfm-460x295.jpg 460w, https:\/\/www.anamt.org.br\/portal\/wp-content\/uploads\/2017\/08\/eventocfm-600x384.jpg 600w, https:\/\/www.anamt.org.br\/portal\/wp-content\/uploads\/2017\/08\/eventocfm-768x492.jpg 768w, https:\/\/www.anamt.org.br\/portal\/wp-content\/uploads\/2017\/08\/eventocfm-800x512.jpg 800w, https:\/\/www.anamt.org.br\/portal\/wp-content\/uploads\/2017\/08\/eventocfm.jpg 850w\" sizes=\"(max-width: 850px) 100vw, 850px\" \/><\/p>\n<p style=\"text-align: center;\"><em>Dr. Paulo Rebelo e Dra. Rosylane Rocha,\u00a0Coordenadora da C\u00e2mara T\u00e9cnica de Medicina do Trabalho do CFM e Conselheira Federal do CFM<\/em><\/p>\n<p><img decoding=\"async\" class=\"alignnone size-full wp-image-31181\" src=\"https:\/\/www.anamt.org.br\/portal\/wp-content\/uploads\/2017\/08\/eventocfm2.jpg\" alt=\"\" width=\"850\" height=\"520\" srcset=\"https:\/\/www.anamt.org.br\/portal\/wp-content\/uploads\/2017\/08\/eventocfm2-200x122.jpg 200w, https:\/\/www.anamt.org.br\/portal\/wp-content\/uploads\/2017\/08\/eventocfm2-300x184.jpg 300w, https:\/\/www.anamt.org.br\/portal\/wp-content\/uploads\/2017\/08\/eventocfm2-400x245.jpg 400w, https:\/\/www.anamt.org.br\/portal\/wp-content\/uploads\/2017\/08\/eventocfm2-600x367.jpg 600w, https:\/\/www.anamt.org.br\/portal\/wp-content\/uploads\/2017\/08\/eventocfm2-768x470.jpg 768w, https:\/\/www.anamt.org.br\/portal\/wp-content\/uploads\/2017\/08\/eventocfm2-800x489.jpg 800w, https:\/\/www.anamt.org.br\/portal\/wp-content\/uploads\/2017\/08\/eventocfm2.jpg 850w\" sizes=\"(max-width: 850px) 100vw, 850px\" \/><\/p>\n<p style=\"text-align: center;\"><em>V F\u00f3rum de Medicina do Trabalho do CFM<\/em><\/p>\n","protected":false},"excerpt":{"rendered":"<p>A ANAMT participou no dia 25 de agosto, em Bras\u00edlia (DF) do V F\u00f3rum de Medicina do Trabalho do Conselho Federal de Medicina (CFM). O vice-presidente da Associa\u00e7\u00e3o, Dr. Paulo Rebelo, representou a entidade nas mesas-redondas sobre Trabalho e Gestante: Riscos e Vulnerabilidades e O M\u00e9dico do Trabalho e a Legisla\u00e7\u00e3o: e o que Mudou? [&hellip;]<\/p>\n","protected":false},"author":1,"featured_media":31179,"comment_status":"closed","ping_status":"closed","sticky":false,"template":"","format":"standard","meta":{"footnotes":""},"categories":[78],"tags":[],"_links":{"self":[{"href":"https:\/\/www.anamt.org.br\/portal\/wp-json\/wp\/v2\/posts\/31178"}],"collection":[{"href":"https:\/\/www.anamt.org.br\/portal\/wp-json\/wp\/v2\/posts"}],"about":[{"href":"https:\/\/www.anamt.org.br\/portal\/wp-json\/wp\/v2\/types\/post"}],"author":[{"embeddable":true,"href":"https:\/\/www.anamt.org.br\/portal\/wp-json\/wp\/v2\/users\/1"}],"replies":[{"embeddable":true,"href":"https:\/\/www.anamt.org.br\/portal\/wp-json\/wp\/v2\/comments?post=31178"}],"version-history":[{"count":0,"href":"https:\/\/www.anamt.org.br\/portal\/wp-json\/wp\/v2\/posts\/31178\/revisions"}],"wp:featuredmedia":[{"embeddable":true,"href":"https:\/\/www.anamt.org.br\/portal\/wp-json\/wp\/v2\/media\/31179"}],"wp:attachment":[{"href":"https:\/\/www.anamt.org.br\/portal\/wp-json\/wp\/v2\/media?parent=31178"}],"wp:term":[{"taxonomy":"category","embeddable":true,"href":"https:\/\/www.anamt.org.br\/portal\/wp-json\/wp\/v2\/categories?post=31178"},{"taxonomy":"post_tag","embeddable":true,"href":"https:\/\/www.anamt.org.br\/portal\/wp-json\/wp\/v2\/tags?post=31178"}],"curies":[{"name":"wp","href":"https:\/\/api.w.org\/{rel}","templated":true}]}}