{"id":31170,"date":"2017-08-25T11:40:48","date_gmt":"2017-08-25T14:40:48","guid":{"rendered":"https:\/\/www.anamt.org.br\/portal\/?p=31170"},"modified":"2017-08-28T09:10:55","modified_gmt":"2017-08-28T12:10:55","slug":"portaria-do-ministerio-do-trabalho-altera-paragrafo-da-nr-12","status":"publish","type":"post","link":"https:\/\/www.anamt.org.br\/portal\/2017\/08\/25\/portaria-do-ministerio-do-trabalho-altera-paragrafo-da-nr-12\/","title":{"rendered":"Portaria do Minist\u00e9rio do Trabalho altera par\u00e1grafo da NR 12"},"content":{"rendered":"<p>Altera\u00e7\u00e3o em par\u00e1grafo da Norma Regulamentadora (NR) n\u00ba 12 (Seguran\u00e7a no Trabalho em M\u00e1quinas e Equipamentos) foi publicada hoje, dia 23, na se\u00e7\u00e3o 1 do Di\u00e1rio Oficial da Uni\u00e3o. A mudan\u00e7a se d\u00e1 no Art. 3\u00ba da Portaria n\u00ba 1.111, de 21 de setembro de 2016, que passa a vigorar com a seguinte reda\u00e7\u00e3o: &#8220;Par\u00e1grafo \u00fanico: Os prazos acima indicados n\u00e3o se aplicam a m\u00e1quina tipo cilindro sovador e aos fabricantes ou importadores de m\u00e1quinas&#8221;.<\/p>\n<p>Os prazos citados na altera\u00e7\u00e3o estavam descritos em uma tabela com o n\u00famero de meses para micro e pequenas empresas se adequarem com a mudan\u00e7a da norma e o tipo de m\u00e1quina, sendo elas, m\u00e1quinas para panifica\u00e7\u00e3o e confeitaria e m\u00e1quinas para a\u00e7ougue, mercearia, bares e restaurantes. Neste caso, a m\u00e1quina tipo cilindro sovador, n\u00e3o estava na lista em destaque.<\/p>\n<p>Essa mudan\u00e7a se deu por meio da portaria n\u00ba 1.007, de 22 de agosto de 2017, assinada pelo ministro do Trabalho, Ronaldo Nogueira de Oliveira.<\/p>\n<p>Fonte: Revista Prote\u00e7\u00e3o<\/p>\n","protected":false},"excerpt":{"rendered":"<p>Altera\u00e7\u00e3o em par\u00e1grafo da Norma Regulamentadora (NR) n\u00ba 12 (Seguran\u00e7a no Trabalho em M\u00e1quinas e Equipamentos) foi publicada hoje, dia 23, na se\u00e7\u00e3o 1 do Di\u00e1rio Oficial da Uni\u00e3o. A mudan\u00e7a se d\u00e1 no Art. 3\u00ba da Portaria n\u00ba 1.111, de 21 de setembro de 2016, que passa a vigorar com a seguinte reda\u00e7\u00e3o: &#8220;Par\u00e1grafo [&hellip;]<\/p>\n","protected":false},"author":1,"featured_media":31010,"comment_status":"closed","ping_status":"closed","sticky":false,"template":"","format":"standard","meta":{"footnotes":""},"categories":[79],"tags":[],"_links":{"self":[{"href":"https:\/\/www.anamt.org.br\/portal\/wp-json\/wp\/v2\/posts\/31170"}],"collection":[{"href":"https:\/\/www.anamt.org.br\/portal\/wp-json\/wp\/v2\/posts"}],"about":[{"href":"https:\/\/www.anamt.org.br\/portal\/wp-json\/wp\/v2\/types\/post"}],"author":[{"embeddable":true,"href":"https:\/\/www.anamt.org.br\/portal\/wp-json\/wp\/v2\/users\/1"}],"replies":[{"embeddable":true,"href":"https:\/\/www.anamt.org.br\/portal\/wp-json\/wp\/v2\/comments?post=31170"}],"version-history":[{"count":0,"href":"https:\/\/www.anamt.org.br\/portal\/wp-json\/wp\/v2\/posts\/31170\/revisions"}],"wp:featuredmedia":[{"embeddable":true,"href":"https:\/\/www.anamt.org.br\/portal\/wp-json\/wp\/v2\/media\/31010"}],"wp:attachment":[{"href":"https:\/\/www.anamt.org.br\/portal\/wp-json\/wp\/v2\/media?parent=31170"}],"wp:term":[{"taxonomy":"category","embeddable":true,"href":"https:\/\/www.anamt.org.br\/portal\/wp-json\/wp\/v2\/categories?post=31170"},{"taxonomy":"post_tag","embeddable":true,"href":"https:\/\/www.anamt.org.br\/portal\/wp-json\/wp\/v2\/tags?post=31170"}],"curies":[{"name":"wp","href":"https:\/\/api.w.org\/{rel}","templated":true}]}}