{"id":31119,"date":"2017-08-16T08:16:56","date_gmt":"2017-08-16T11:16:56","guid":{"rendered":"https:\/\/www.anamt.org.br\/portal\/?p=31119"},"modified":"2017-08-16T16:06:56","modified_gmt":"2017-08-16T19:06:56","slug":"anamt-venha-participar-do-seminario-sudeste-da-anamt-em-belo-horizonte","status":"publish","type":"post","link":"https:\/\/www.anamt.org.br\/portal\/2017\/08\/16\/anamt-venha-participar-do-seminario-sudeste-da-anamt-em-belo-horizonte\/","title":{"rendered":"ANAMT: venha participar do Semin\u00e1rio Sudeste, em Belo Horizonte"},"content":{"rendered":"<div id=\"js_2v\" class=\"_5pbx userContent\" data-ft=\"{&quot;tn&quot;:&quot;K&quot;}\">\n<p>A presidente da ANAMT, Dra. Marcia Bandini, apresenta as novidades e convida a todos a participar do <a class=\"profileLink\" href=\"https:\/\/www.facebook.com\/events\/1294566920591822\/?acontext=%7B%22source%22%3A3%2C%22source_newsfeed_story_type%22%3A%22regular%22%2C%22action_history%22%3A%22%5B%7B%5C%22surface%5C%22%3A%5C%22newsfeed%5C%22%2C%5C%22mechanism%5C%22%3A%5C%22feed_story%5C%22%2C%5C%22extra_data%5C%22%3A%5B%5D%7D%5D%22%2C%22has_source%22%3Atrue%7D&amp;source=3&amp;source_newsfeed_story_type=regular&amp;action_history=%5B%7B%22surface%22%3A%22newsfeed%22%2C%22mechanism%22%3A%22feed_story%22%2C%22extra_data%22%3A%5B%5D%7D%5D&amp;has_source=1&amp;fref=mentions\" data-hovercard=\"\/ajax\/hovercard\/event.php?id=1294566920591822&amp;extragetparams=%7B%22source%22%3A3%2C%22source_newsfeed_story_type%22%3A%22regular%22%2C%22action_history%22%3A%22%5B%7B%5C%22surface%5C%22%3A%5C%22newsfeed%5C%22%2C%5C%22mechanism%5C%22%3A%5C%22feed_story%5C%22%2C%5C%22extra_data%5C%22%3A%5B%5D%7D%5D%22%2C%22has_source%22%3Atrue%2C%22fref%22%3A%22mentions%22%7D\" data-hovercard-prefer-more-content-show=\"1\">Semin\u00e1rio Sudeste da ANAMT<\/a>, que ocorrer\u00e1 entre os dias 7 e 9 de setembro.<\/p>\n<p>Saiba mais informa\u00e7\u00f5es sobre as inscri\u00e7\u00f5es e programa\u00e7\u00e3o no site: <a href=\"http:\/\/seminariosanamt.com.br\/seminariosudeste\/\" target=\"_blank\" rel=\"nofollow noopener noreferrer\" data-ft=\"{&quot;tn&quot;:&quot;-U&quot;}\">http:\/\/seminariosanamt.com.br\/seminariosudeste\/<\/a><\/p>\n<p><a href=\"https:\/\/www.facebook.com\/anamt.org.br\/videos\/1840820712899401\/\">https:\/\/www.facebook.com\/anamt.org.br\/videos\/1840820712899401\/<\/a><\/p>\n<\/div>\n","protected":false},"excerpt":{"rendered":"<p>A presidente da ANAMT, Dra. Marcia Bandini, apresenta as novidades e convida a todos a participar do Semin\u00e1rio Sudeste da ANAMT, que ocorrer\u00e1 entre os dias 7 e 9 de setembro. Saiba mais informa\u00e7\u00f5es sobre as inscri\u00e7\u00f5es e programa\u00e7\u00e3o no site: http:\/\/seminariosanamt.com.br\/seminariosudeste\/<\/p>\n","protected":false},"author":1,"featured_media":30703,"comment_status":"closed","ping_status":"closed","sticky":false,"template":"","format":"standard","meta":{"footnotes":""},"categories":[78],"tags":[],"_links":{"self":[{"href":"https:\/\/www.anamt.org.br\/portal\/wp-json\/wp\/v2\/posts\/31119"}],"collection":[{"href":"https:\/\/www.anamt.org.br\/portal\/wp-json\/wp\/v2\/posts"}],"about":[{"href":"https:\/\/www.anamt.org.br\/portal\/wp-json\/wp\/v2\/types\/post"}],"author":[{"embeddable":true,"href":"https:\/\/www.anamt.org.br\/portal\/wp-json\/wp\/v2\/users\/1"}],"replies":[{"embeddable":true,"href":"https:\/\/www.anamt.org.br\/portal\/wp-json\/wp\/v2\/comments?post=31119"}],"version-history":[{"count":0,"href":"https:\/\/www.anamt.org.br\/portal\/wp-json\/wp\/v2\/posts\/31119\/revisions"}],"wp:featuredmedia":[{"embeddable":true,"href":"https:\/\/www.anamt.org.br\/portal\/wp-json\/wp\/v2\/media\/30703"}],"wp:attachment":[{"href":"https:\/\/www.anamt.org.br\/portal\/wp-json\/wp\/v2\/media?parent=31119"}],"wp:term":[{"taxonomy":"category","embeddable":true,"href":"https:\/\/www.anamt.org.br\/portal\/wp-json\/wp\/v2\/categories?post=31119"},{"taxonomy":"post_tag","embeddable":true,"href":"https:\/\/www.anamt.org.br\/portal\/wp-json\/wp\/v2\/tags?post=31119"}],"curies":[{"name":"wp","href":"https:\/\/api.w.org\/{rel}","templated":true}]}}