{"id":31105,"date":"2017-08-14T12:42:01","date_gmt":"2017-08-14T15:42:01","guid":{"rendered":"https:\/\/www.anamt.org.br\/portal\/?p=31105"},"modified":"2017-08-14T12:42:01","modified_gmt":"2017-08-14T15:42:01","slug":"xvi-congresso-de-pneumologia-e-tisiologia-do-estado-do-rio-de-janeiro","status":"publish","type":"post","link":"https:\/\/www.anamt.org.br\/portal\/2017\/08\/14\/xvi-congresso-de-pneumologia-e-tisiologia-do-estado-do-rio-de-janeiro\/","title":{"rendered":"XVI Congresso de  Pneumologia e Tisiologia do  Estado do Rio de Janeiro"},"content":{"rendered":"<h5>Data<\/h5>\n<p>27\/09\/2017<\/p>\n<h5>Local<\/h5>\n<p>Rio de Janeiro<\/p>\n<p><strong>Informa\u00e7\u00f5es<\/strong><\/p>\n<p>09h00 &#8211; Asma Ocupacional do reconhecimento ao tratamento<br \/>\n09h40 &#8211; Fisiopatologia das pneumoconioses<br \/>\n10h20 &#8211; Pneumoconioses na cl\u00ednica di\u00e1ria<br \/>\n11h &#8211; Intervalo<br \/>\n11h20 &#8211; Radiografia nas pneumoconioses<br \/>\n12h &#8211; Novas perspectivas no tratamento das pneumoconioses<br \/>\n12h40 &#8211; Debates<\/p>\n<p>Maiores informa\u00e7\u00f5es e inscri\u00e7\u00e3o dispon\u00edveis no site:<br \/>\nhttp:\/\/www.pneumorio.com.br\/programacao\/ementas.php?id_curso=4892<\/p>\n","protected":false},"excerpt":{"rendered":"<p>Data 27\/09\/2017 Local Rio de Janeiro Informa\u00e7\u00f5es 09h00 &#8211; Asma Ocupacional do reconhecimento ao tratamento 09h40 &#8211; Fisiopatologia das pneumoconioses 10h20 &#8211; Pneumoconioses na cl\u00ednica di\u00e1ria 11h &#8211; Intervalo 11h20 &#8211; Radiografia nas pneumoconioses 12h &#8211; Novas perspectivas no tratamento das pneumoconioses 12h40 &#8211; Debates Maiores informa\u00e7\u00f5es e inscri\u00e7\u00e3o dispon\u00edveis no site: http:\/\/www.pneumorio.com.br\/programacao\/ementas.php?id_curso=4892<\/p>\n","protected":false},"author":1,"featured_media":0,"comment_status":"closed","ping_status":"closed","sticky":false,"template":"","format":"standard","meta":{"footnotes":""},"categories":[190],"tags":[],"_links":{"self":[{"href":"https:\/\/www.anamt.org.br\/portal\/wp-json\/wp\/v2\/posts\/31105"}],"collection":[{"href":"https:\/\/www.anamt.org.br\/portal\/wp-json\/wp\/v2\/posts"}],"about":[{"href":"https:\/\/www.anamt.org.br\/portal\/wp-json\/wp\/v2\/types\/post"}],"author":[{"embeddable":true,"href":"https:\/\/www.anamt.org.br\/portal\/wp-json\/wp\/v2\/users\/1"}],"replies":[{"embeddable":true,"href":"https:\/\/www.anamt.org.br\/portal\/wp-json\/wp\/v2\/comments?post=31105"}],"version-history":[{"count":0,"href":"https:\/\/www.anamt.org.br\/portal\/wp-json\/wp\/v2\/posts\/31105\/revisions"}],"wp:attachment":[{"href":"https:\/\/www.anamt.org.br\/portal\/wp-json\/wp\/v2\/media?parent=31105"}],"wp:term":[{"taxonomy":"category","embeddable":true,"href":"https:\/\/www.anamt.org.br\/portal\/wp-json\/wp\/v2\/categories?post=31105"},{"taxonomy":"post_tag","embeddable":true,"href":"https:\/\/www.anamt.org.br\/portal\/wp-json\/wp\/v2\/tags?post=31105"}],"curies":[{"name":"wp","href":"https:\/\/api.w.org\/{rel}","templated":true}]}}