{"id":31031,"date":"2017-08-03T09:08:17","date_gmt":"2017-08-03T12:08:17","guid":{"rendered":"https:\/\/www.anamt.org.br\/portal\/?p=31031"},"modified":"2017-08-03T09:34:44","modified_gmt":"2017-08-03T12:34:44","slug":"saude-dos-trabalhadores-com-dependencia-quimica-acompanhamento-deve-ser-multidisciplinar-e-abrangente","status":"publish","type":"post","link":"https:\/\/www.anamt.org.br\/portal\/2017\/08\/03\/saude-dos-trabalhadores-com-dependencia-quimica-acompanhamento-deve-ser-multidisciplinar-e-abrangente\/","title":{"rendered":"Trabalhadores dependentes qu\u00edmicos: acompanhamento deve ser multidisciplinar"},"content":{"rendered":"<p>Segundo o Relat\u00f3rio Mundial sobre Drogas, do Escrit\u00f3rio das Na\u00e7\u00f5es Unidas sobre Drogas e Crime (UNODC), 250 milh\u00f5es de pessoas entre 15 e 64 anos no mundo haviam usado pelo menos uma droga em 2014. No Brasil, entre 2009 e 2013, o n\u00famero de aux\u00edlios-doen\u00e7a concedidos por transtornos mentais e comportamentais pelo uso de drogas aumentou mais de 50%.<\/p>\n<p>O crescimento da presen\u00e7a dessas subst\u00e2ncias, l\u00edcitas ou il\u00edcitas, no cotidiano dos trabalhadores, assim como os quadros de depend\u00eancia qu\u00edmica tornam o tema tamb\u00e9m cada vez mais presente nas empresas e no cotidiano dos m\u00e9dicos do trabalho.<\/p>\n<p>\u201cA mais comum e que causa maiores problemas \u00e9 o \u00e1lcool. Envolve faltas, atrasos, conflitos de trabalho, erros, retrabalho, presente\u00edsmo, entre outras preocupa\u00e7\u00f5es. O tabaco tem preju\u00edzos importantes, mas que n\u00e3o se relacionam diretamente ao trabalho, mas com consequ\u00eancias percebidas na sa\u00fade global do trabalhador. Em terceiro lugar, h\u00e1 o crescimento da coca\u00edna e seus derivados, com problemas semelhantes aos do \u00e1lcool\u201d, pontua o psiquiatra Dr. Ricardo do Amaral, que ainda enumera o consumo de opioides, especialmente entre profissionais da \u00e1rea de sa\u00fade.<\/p>\n<p>A dura\u00e7\u00e3o do acompanhamento, suas consequ\u00eancias e fatores externos s\u00e3o obst\u00e1culos do processo. \u201cA maior dificuldade \u00e9 lidar com o que pacientes, colegas, chefes, supervisores, familiares e amigos pensam sobre \u2018cura\u2019. O processo tende a ser longo e envolve principalmente os preju\u00edzos, ou danos, identificados pela pessoa que procura ajuda\u201d.<\/p>\n<p>O quadro deve ser definido para que o acompanhamento do trabalhador seja adequado. Al\u00e9m da depend\u00eancia em si, \u00e9 preciso avaliar as rela\u00e7\u00f5es com colegas de trabalho, conv\u00edvio familiar e social, lazer, estresse, atividades f\u00edsicas, entre outros pontos.<\/p>\n<p>Segundo Dr. Ricardo, o tratamento deve abranger diversas \u00e1reas, al\u00e9m da m\u00e9dica. \u201cPrecisamos desenvolver acompanhamentos abrangentes e longitudinais. Profissionais das \u00e1reas de psicologia, servi\u00e7o social, enfermagem, educa\u00e7\u00e3o f\u00edsica, nutricional s\u00e3o importantes da mesma forma\u201d.<\/p>\n<p>Al\u00e9m dos cuidados m\u00e9dicos ao indiv\u00edduo, o envolvimento da empresa e demais trabalhadores em torno do tema contribui para o tratamento adequado. \u201c\u00c9 preciso envolver todas as pessoas interessadas, promover a preven\u00e7\u00e3o e estimular os locais de trabalho a rever determinadas posturas relacionadas \u00e0 omiss\u00e3o e \u00e0 puni\u00e7\u00e3o, atitudes extremas que s\u00f3 contribuem para piorar o problema\u201d, alerta.<\/p>\n<p><strong>Semin\u00e1rio Sudeste da ANAMT<\/strong><\/p>\n<p>\u201cSa\u00fade mental: O grande desafio do M\u00e9dico do Trabalho\u201d ser\u00e1 o tema central do Semin\u00e1rio Sudeste da ANAMT, em Belo Horizonte (MG). \u201cO cuidado \u00e0 sa\u00fade de Trabalhadores Portadores de Depend\u00eancia Qu\u00edmica na Empresa ser\u00e1 assunto de um dos cursos do evento.<\/p>\n<p>Servi\u00e7o:<\/p>\n<p>Semin\u00e1rio Sudeste da ANAMT<br \/>\nData: 7 a 9 de setembro de 2017<br \/>\nLocal: Hotel Mercure Lourdes \u2013 Belo Horizonte (MG)<br \/>\nInforma\u00e7\u00f5es: <a href=\"http:\/\/seminariosanamt.com.br\/seminariosudeste\/\" target=\"_blank\" rel=\"noopener noreferrer\">http:\/\/seminariosanamt.com.br\/seminariosudeste\/<\/a><\/p>\n","protected":false},"excerpt":{"rendered":"<p>Segundo o Relat\u00f3rio Mundial sobre Drogas, do Escrit\u00f3rio das Na\u00e7\u00f5es Unidas sobre Drogas e Crime (UNODC), 250 milh\u00f5es de pessoas entre 15 e 64 anos no mundo haviam usado pelo menos uma droga em 2014. No Brasil, entre 2009 e 2013, o n\u00famero de aux\u00edlios-doen\u00e7a concedidos por transtornos mentais e comportamentais pelo uso de drogas [&hellip;]<\/p>\n","protected":false},"author":1,"featured_media":30703,"comment_status":"closed","ping_status":"closed","sticky":false,"template":"","format":"standard","meta":{"footnotes":""},"categories":[78],"tags":[],"_links":{"self":[{"href":"https:\/\/www.anamt.org.br\/portal\/wp-json\/wp\/v2\/posts\/31031"}],"collection":[{"href":"https:\/\/www.anamt.org.br\/portal\/wp-json\/wp\/v2\/posts"}],"about":[{"href":"https:\/\/www.anamt.org.br\/portal\/wp-json\/wp\/v2\/types\/post"}],"author":[{"embeddable":true,"href":"https:\/\/www.anamt.org.br\/portal\/wp-json\/wp\/v2\/users\/1"}],"replies":[{"embeddable":true,"href":"https:\/\/www.anamt.org.br\/portal\/wp-json\/wp\/v2\/comments?post=31031"}],"version-history":[{"count":0,"href":"https:\/\/www.anamt.org.br\/portal\/wp-json\/wp\/v2\/posts\/31031\/revisions"}],"wp:featuredmedia":[{"embeddable":true,"href":"https:\/\/www.anamt.org.br\/portal\/wp-json\/wp\/v2\/media\/30703"}],"wp:attachment":[{"href":"https:\/\/www.anamt.org.br\/portal\/wp-json\/wp\/v2\/media?parent=31031"}],"wp:term":[{"taxonomy":"category","embeddable":true,"href":"https:\/\/www.anamt.org.br\/portal\/wp-json\/wp\/v2\/categories?post=31031"},{"taxonomy":"post_tag","embeddable":true,"href":"https:\/\/www.anamt.org.br\/portal\/wp-json\/wp\/v2\/tags?post=31031"}],"curies":[{"name":"wp","href":"https:\/\/api.w.org\/{rel}","templated":true}]}}