{"id":30954,"date":"2017-07-24T14:02:18","date_gmt":"2017-07-24T17:02:18","guid":{"rendered":"https:\/\/www.anamt.org.br\/portal\/?p=30954"},"modified":"2017-07-24T14:17:34","modified_gmt":"2017-07-24T17:17:34","slug":"inspecao-do-trabalho-lanca-marca-de-identificacao-nacional","status":"publish","type":"post","link":"https:\/\/www.anamt.org.br\/portal\/2017\/07\/24\/inspecao-do-trabalho-lanca-marca-de-identificacao-nacional\/","title":{"rendered":"Inspe\u00e7\u00e3o do Trabalho lan\u00e7a marca de identifica\u00e7\u00e3o nacional"},"content":{"rendered":"<p>A Inspe\u00e7\u00e3o do Trabalho recebeu do ministro Ronaldo Nogueira nesta ter\u00e7a-feira (18) a ins\u00edgnia que identifica a categoria de Auditoria-Fiscal do Trabalho. Uma reivindica\u00e7\u00e3o antiga dos auditores, a marca foi implementada por meio de portaria do Minist\u00e9rio do Trabalho e passar\u00e1 a ser um elemento de identifica\u00e7\u00e3o da Secretaria de Inspe\u00e7\u00e3o do Trabalho (SIT) em todo o pa\u00eds.<\/p>\n<p>&#8220;A auditoria do trabalho est\u00e1 entre as fun\u00e7\u00f5es imprescind\u00edveis e mais importantes do Minist\u00e9rio do Trabalho, utilizando o seu papel fiscalizador na manuten\u00e7\u00e3o do bem-estar do trabalhador e na harmonia nas rela\u00e7\u00f5es trabalhistas&#8221;, frisou o ministro durante solenidade de lan\u00e7amento da marca no audit\u00f3rio do Minist\u00e9rio, na presen\u00e7a de v\u00e1rios representantes da categoria, como o presidente do Sindicato Nacional dos Auditores do Trabalho (Sinait), Carlos Fernando Silva; Rosa Jorge, da Confedera\u00e7\u00e3o Ibero-Americana de Inspetores do Trabalho (CIIT); e o chefe da Fundacentro\/DF, Peniel Pacheco. Prestigiaram o evento tamb\u00e9m o secret\u00e1rio de Previd\u00eancia do Minist\u00e9rio da Fazenda, Marcelo Caetano, e o presidente da Nova Central Sindical, Jos\u00e9 Calixto Ramos, entre outros convidados.<\/p>\n<p>A secret\u00e1ria de Inspe\u00e7\u00e3o do Trabalho, Maria Teresa Jensen, destacou a import\u00e2ncia de uma marca que identifica a categoria, principalmente pelo papel da Auditoria-Fiscal do Trabalho, presente nos quatro cantos do pa\u00eds em defesa do cumprimento da Legisla\u00e7\u00e3o Trabalhista. &#8220;H\u00e1 muito necessit\u00e1vamos de uma identifica\u00e7\u00e3o, e, gra\u00e7as ao empenho do ministro e \u00e0 parceria com o Sinait, agora podemos comemorar a conquista&#8221;, ressaltou.<\/p>\n<p>Para a representante CIIT, Rosa Jorge, &#8220;a Inspe\u00e7\u00e3o do Trabalho faz parte do trip\u00e9 de prote\u00e7\u00e3o do trabalhador, sendo uma das mais importantes do mundo, garantindo que a rela\u00e7\u00e3o entre trabalhador e patr\u00e3o se d\u00ea em harmonia&#8221;.<\/p>\n<p>O ministro Ronaldo Nogueira destacou que a marca representa uma identidade visual capaz de ser reconhecida em qualquer lugar, identificando assim a Auditoria-Fiscal do Trabalho. &#8220;A ins\u00edgnia ser\u00e1 a marca registrada da Inspe\u00e7\u00e3o do Trabalho e ser\u00e1 aplicada em papelaria, objetos, coletes e ve\u00edculos no dia a dia da fiscaliza\u00e7\u00e3o no pa\u00eds&#8221;.<\/p>\n<p>Parceiro da SIT na iniciativa da cria\u00e7\u00e3o da marca, o presidente do Sinait ressaltou que a categoria reivindicava havia muito tempo uma marca que a tornasse reconhecida em qualquer lugar, assim como j\u00e1 ocorre com outras institui\u00e7\u00f5es. &#8220;Consideramos um ganho importante para os auditores-fiscais do Trabalho e para a institui\u00e7\u00e3o Inspe\u00e7\u00e3o do Trabalho&#8221;, afirmou Carlos Fernando Silva.<\/p>\n<h3>Cipa<\/h3>\n<p>Ao final do evento, o ministro ainda participou, no mezanino do Minist\u00e9rio, do lan\u00e7amento do livro &#8220;Cipa &#8211; Teoria e Pr\u00e1tica&#8221;, do advogado e t\u00e9cnico de Seguran\u00e7a do Trabalho, Romeu Jos\u00e9 de Assis. Ronaldo Nogueira foi o autor do pref\u00e1cio, no qual destaca que &#8220;a obra foi escrita, debru\u00e7ada sobre as dificuldades de aplica\u00e7\u00e3o da legisla\u00e7\u00e3o do `como fazer\u2019 aos empres\u00e1rios&#8221;, tornando poss\u00edvel a redu\u00e7\u00e3o do n\u00famero de acidentes e doen\u00e7as ocupacionais. Na obra, o autor comenta a Norma Regulamentadora n\u00ba 5, sobre a Comiss\u00e3o Interna de Preven\u00e7\u00e3o de Acidentes (Cipa). Destinado aos profissionais da \u00e1rea de Sa\u00fade e Seguran\u00e7a do Trabalho, gestores de RH e membros das Cipas, al\u00e9m de empres\u00e1rios e profissionais de Direito, o livro traz dicas pr\u00e1ticas de organizar uma Cipa e evitar acidentes de trabalho.<\/p>\n<p><em>(Fonte: Minist\u00e9rio do Trabalho)<\/em><\/p>\n","protected":false},"excerpt":{"rendered":"<p>A Inspe\u00e7\u00e3o do Trabalho recebeu do ministro Ronaldo Nogueira nesta ter\u00e7a-feira (18) a ins\u00edgnia que identifica a categoria de Auditoria-Fiscal do Trabalho. Uma reivindica\u00e7\u00e3o antiga dos auditores, a marca foi implementada por meio de portaria do Minist\u00e9rio do Trabalho e passar\u00e1 a ser um elemento de identifica\u00e7\u00e3o da Secretaria de Inspe\u00e7\u00e3o do Trabalho (SIT) em [&hellip;]<\/p>\n","protected":false},"author":1,"featured_media":30955,"comment_status":"closed","ping_status":"closed","sticky":false,"template":"","format":"standard","meta":{"footnotes":""},"categories":[79],"tags":[],"_links":{"self":[{"href":"https:\/\/www.anamt.org.br\/portal\/wp-json\/wp\/v2\/posts\/30954"}],"collection":[{"href":"https:\/\/www.anamt.org.br\/portal\/wp-json\/wp\/v2\/posts"}],"about":[{"href":"https:\/\/www.anamt.org.br\/portal\/wp-json\/wp\/v2\/types\/post"}],"author":[{"embeddable":true,"href":"https:\/\/www.anamt.org.br\/portal\/wp-json\/wp\/v2\/users\/1"}],"replies":[{"embeddable":true,"href":"https:\/\/www.anamt.org.br\/portal\/wp-json\/wp\/v2\/comments?post=30954"}],"version-history":[{"count":0,"href":"https:\/\/www.anamt.org.br\/portal\/wp-json\/wp\/v2\/posts\/30954\/revisions"}],"wp:featuredmedia":[{"embeddable":true,"href":"https:\/\/www.anamt.org.br\/portal\/wp-json\/wp\/v2\/media\/30955"}],"wp:attachment":[{"href":"https:\/\/www.anamt.org.br\/portal\/wp-json\/wp\/v2\/media?parent=30954"}],"wp:term":[{"taxonomy":"category","embeddable":true,"href":"https:\/\/www.anamt.org.br\/portal\/wp-json\/wp\/v2\/categories?post=30954"},{"taxonomy":"post_tag","embeddable":true,"href":"https:\/\/www.anamt.org.br\/portal\/wp-json\/wp\/v2\/tags?post=30954"}],"curies":[{"name":"wp","href":"https:\/\/api.w.org\/{rel}","templated":true}]}}