{"id":30890,"date":"2017-07-12T16:31:11","date_gmt":"2017-07-12T19:31:11","guid":{"rendered":"https:\/\/www.anamt.org.br\/portal\/?p=30890"},"modified":"2017-07-12T16:31:11","modified_gmt":"2017-07-12T19:31:11","slug":"acamt-conversando-sobre-inclusao-e-o-papel-do-medico-do-trabalho","status":"publish","type":"post","link":"https:\/\/www.anamt.org.br\/portal\/2017\/07\/12\/acamt-conversando-sobre-inclusao-e-o-papel-do-medico-do-trabalho\/","title":{"rendered":"ACAMT: conversando sobre inclus\u00e3o e o papel do M\u00e9dico do Trabalho"},"content":{"rendered":"<p><img decoding=\"async\" class=\"size-full wp-image-30893 aligncenter\" src=\"https:\/\/www.anamt.org.br\/portal\/wp-content\/uploads\/2017\/07\/acamt_conversando_sobre_inclusao_.jpg\" alt=\"acamt_conversando_sobre_inclusao_\" width=\"574\" height=\"365\" srcset=\"https:\/\/www.anamt.org.br\/portal\/wp-content\/uploads\/2017\/07\/acamt_conversando_sobre_inclusao_-200x127.jpg 200w, https:\/\/www.anamt.org.br\/portal\/wp-content\/uploads\/2017\/07\/acamt_conversando_sobre_inclusao_-300x191.jpg 300w, https:\/\/www.anamt.org.br\/portal\/wp-content\/uploads\/2017\/07\/acamt_conversando_sobre_inclusao_-320x202.jpg 320w, https:\/\/www.anamt.org.br\/portal\/wp-content\/uploads\/2017\/07\/acamt_conversando_sobre_inclusao_-400x254.jpg 400w, https:\/\/www.anamt.org.br\/portal\/wp-content\/uploads\/2017\/07\/acamt_conversando_sobre_inclusao_.jpg 574w\" sizes=\"(max-width: 574px) 100vw, 574px\" \/><\/p>\n<p>Este foi o tema de mais uma rodada do tema realizada pelo Sesi, que nesta edi\u00e7\u00e3o contou com a parceria da Associa\u00e7\u00e3o Catarinense de Medicina do Trabalho \u2013 ACAMT, representada no evento pela Vice-Presidente Dra. Ana Maria Amorim Ribeiro e pela 1\u00aa Secret\u00e1ria Dra. Elisa Margarete G. de O. Martinez.\u00a0 A FIESC &#8211; SESI\/SC estiveram representados pelo Diretor Regional Sudeste, Sr Daniel Thiesen Horongoso e pelo Vice-Presidentes para Assuntos Regionais &#8211; Sudeste: Sr. Tito Alfredo Schmitt.<\/p>\n<p>A atividade aconteceu na Regional Sudeste do SESI, em S\u00e3o Jos\u00e9 &#8211; SC e contou com a participa\u00e7\u00e3o de profissionais de recursos humanos e dos SESMTs de empresas da regi\u00e3o, al\u00e9m de representantes de entidades p\u00fablicas e profissionais aut\u00f4nomos.<\/p>\n<p>O tema do encontro foi conduzido por Dra. Tatiana Rigotti, especialista em medicina do trabalho e m\u00e9dica do trabalho do SESI e Dr. Paulo Rebelo, membro titular da Academia Brasileira de Medicina e Reabilita\u00e7\u00e3o \u2013 ABMR e\u00a0Vice-Presidente da Associa\u00e7\u00e3o Nacional de Medicina do Trabalho \u2013 ANAMT, que mostraram todo seu conhecimento, explanando com muita expertise o assunto.<\/p>\n<p>Foi apresentado um case de sucesso do SENAI, onde um aluno portador de cegueira est\u00e1 fazendo o curso de Mec\u00e2nica de Autom\u00f3veis, com a ajuda e parceria do seu professor.<\/p>\n<p>Ao final foram respondidas perguntas e tiradas duvidas do p\u00fablico, proporcionando um encontro agrad\u00e1vel e muito gratificante a todos os participantes.<\/p>\n<p>A ACAMT parabeniza e deixa p\u00fablico seu agradecimento aos palestrantes e em especial ao Dr. Paulo Rebelo pela sua disponibilidade de vir do Rio de Janeiro para dividir conosco toda sua vasta experi\u00eancia, abrilhantando de forma especial o evento.<\/p>\n<p><em>(Fonte: ACAMT)<\/em><\/p>\n","protected":false},"excerpt":{"rendered":"<p>Este foi o tema de mais uma rodada do tema realizada pelo Sesi, que nesta edi\u00e7\u00e3o contou com a parceria da Associa\u00e7\u00e3o Catarinense de Medicina do Trabalho \u2013 ACAMT, representada no evento pela Vice-Presidente Dra. Ana Maria Amorim Ribeiro e pela 1\u00aa Secret\u00e1ria Dra. Elisa Margarete G. de O. Martinez.\u00a0 A FIESC &#8211; SESI\/SC estiveram [&hellip;]<\/p>\n","protected":false},"author":1,"featured_media":30616,"comment_status":"closed","ping_status":"closed","sticky":false,"template":"","format":"standard","meta":{"footnotes":""},"categories":[78],"tags":[],"_links":{"self":[{"href":"https:\/\/www.anamt.org.br\/portal\/wp-json\/wp\/v2\/posts\/30890"}],"collection":[{"href":"https:\/\/www.anamt.org.br\/portal\/wp-json\/wp\/v2\/posts"}],"about":[{"href":"https:\/\/www.anamt.org.br\/portal\/wp-json\/wp\/v2\/types\/post"}],"author":[{"embeddable":true,"href":"https:\/\/www.anamt.org.br\/portal\/wp-json\/wp\/v2\/users\/1"}],"replies":[{"embeddable":true,"href":"https:\/\/www.anamt.org.br\/portal\/wp-json\/wp\/v2\/comments?post=30890"}],"version-history":[{"count":0,"href":"https:\/\/www.anamt.org.br\/portal\/wp-json\/wp\/v2\/posts\/30890\/revisions"}],"wp:featuredmedia":[{"embeddable":true,"href":"https:\/\/www.anamt.org.br\/portal\/wp-json\/wp\/v2\/media\/30616"}],"wp:attachment":[{"href":"https:\/\/www.anamt.org.br\/portal\/wp-json\/wp\/v2\/media?parent=30890"}],"wp:term":[{"taxonomy":"category","embeddable":true,"href":"https:\/\/www.anamt.org.br\/portal\/wp-json\/wp\/v2\/categories?post=30890"},{"taxonomy":"post_tag","embeddable":true,"href":"https:\/\/www.anamt.org.br\/portal\/wp-json\/wp\/v2\/tags?post=30890"}],"curies":[{"name":"wp","href":"https:\/\/api.w.org\/{rel}","templated":true}]}}