{"id":30883,"date":"2017-07-11T11:11:38","date_gmt":"2017-07-11T14:11:38","guid":{"rendered":"https:\/\/www.anamt.org.br\/portal\/?p=30883"},"modified":"2017-07-11T11:12:27","modified_gmt":"2017-07-11T14:12:27","slug":"senado-deve-concluir-hoje-votacao-da-reforma-trabalhista","status":"publish","type":"post","link":"https:\/\/www.anamt.org.br\/portal\/2017\/07\/11\/senado-deve-concluir-hoje-votacao-da-reforma-trabalhista\/","title":{"rendered":"Senado deve concluir hoje vota\u00e7\u00e3o da reforma trabalhista"},"content":{"rendered":"<p>\u00c0s v\u00e9speras do recesso parlamentar, que come\u00e7a na semana que vem, o Senado espera concluir hoje a vota\u00e7\u00e3o da reforma trabalhista \u2013 PLC 38\/2017. Para aprovar o texto s\u00e3o necess\u00e1rios, pelo menos, 41 votos dos 81 senadores. Em meio \u00e0 an\u00e1lise pelos deputados da den\u00fancia contra o presidente Michel Temer por crime de corrup\u00e7\u00e3o passiva, apresentada pelo procurador-geral da Rep\u00fablica, Rodrigo Janot, o presidente do Senado, Eun\u00edcio Oliveira, j\u00e1 disse que a vota\u00e7\u00e3o estar\u00e1 na pauta do dia, independentemente do que acontecer na C\u00e2mara.<\/p>\n<p>Oliveira j\u00e1 deu por encerrada as discuss\u00f5es da mat\u00e9ria no plen\u00e1rio na \u00faltima quinta-feira (6), portanto, na sess\u00e3o deliberativa de hoje, marcada para as 11h, os l\u00edderes de partidos e de blocos partid\u00e1rios poder\u00e3o apenas orientar suas bancadas para aprovar ou rejeitar o projeto. N\u00e3o haver\u00e1 discursos de senadores que n\u00e3o s\u00e3o l\u00edderes. Em seguida, a vota\u00e7\u00e3o ser\u00e1 feita nominalmente com divulga\u00e7\u00e3o do resultado no painel eletr\u00f4nico.<\/p>\n<p>Se aprovado o texto principal, os senadores v\u00e3o analisar as emendas apresentas em plen\u00e1rio. As que receberam parecer contr\u00e1rio dever\u00e3o ser votadas em globo, ou seja, todas juntas de uma vez e, provavelmente, em vota\u00e7\u00e3o simb\u00f3lica. Todas t\u00eam parecer pela rejei\u00e7\u00e3o. Depois \u00e9 a vez das emendas destacadas seguirem para vota\u00e7\u00e3o em separado pelos partidos ou blocos partid\u00e1rios. A vota\u00e7\u00e3o de cada destaque tamb\u00e9m poder\u00e1 ser encaminhada pelas lideran\u00e7as.<\/p>\n<p>Caso os senadores confirmem o texto sem mudan\u00e7as, o projeto seguir\u00e1 para san\u00e7\u00e3o presidencial no dia seguinte. Se reprovado, o texto \u00e9 arquivado.<\/p>\n<p><em>(Fonte: EBC)<\/em><\/p>\n","protected":false},"excerpt":{"rendered":"<p>\u00c0s v\u00e9speras do recesso parlamentar, que come\u00e7a na semana que vem, o Senado espera concluir hoje a vota\u00e7\u00e3o da reforma trabalhista \u2013 PLC 38\/2017. Para aprovar o texto s\u00e3o necess\u00e1rios, pelo menos, 41 votos dos 81 senadores. Em meio \u00e0 an\u00e1lise pelos deputados da den\u00fancia contra o presidente Michel Temer por crime de corrup\u00e7\u00e3o passiva, [&hellip;]<\/p>\n","protected":false},"author":1,"featured_media":30303,"comment_status":"closed","ping_status":"closed","sticky":false,"template":"","format":"standard","meta":{"footnotes":""},"categories":[79],"tags":[],"_links":{"self":[{"href":"https:\/\/www.anamt.org.br\/portal\/wp-json\/wp\/v2\/posts\/30883"}],"collection":[{"href":"https:\/\/www.anamt.org.br\/portal\/wp-json\/wp\/v2\/posts"}],"about":[{"href":"https:\/\/www.anamt.org.br\/portal\/wp-json\/wp\/v2\/types\/post"}],"author":[{"embeddable":true,"href":"https:\/\/www.anamt.org.br\/portal\/wp-json\/wp\/v2\/users\/1"}],"replies":[{"embeddable":true,"href":"https:\/\/www.anamt.org.br\/portal\/wp-json\/wp\/v2\/comments?post=30883"}],"version-history":[{"count":0,"href":"https:\/\/www.anamt.org.br\/portal\/wp-json\/wp\/v2\/posts\/30883\/revisions"}],"wp:featuredmedia":[{"embeddable":true,"href":"https:\/\/www.anamt.org.br\/portal\/wp-json\/wp\/v2\/media\/30303"}],"wp:attachment":[{"href":"https:\/\/www.anamt.org.br\/portal\/wp-json\/wp\/v2\/media?parent=30883"}],"wp:term":[{"taxonomy":"category","embeddable":true,"href":"https:\/\/www.anamt.org.br\/portal\/wp-json\/wp\/v2\/categories?post=30883"},{"taxonomy":"post_tag","embeddable":true,"href":"https:\/\/www.anamt.org.br\/portal\/wp-json\/wp\/v2\/tags?post=30883"}],"curies":[{"name":"wp","href":"https:\/\/api.w.org\/{rel}","templated":true}]}}