{"id":30875,"date":"2017-07-07T15:37:37","date_gmt":"2017-07-07T18:37:37","guid":{"rendered":"https:\/\/www.anamt.org.br\/portal\/?p=30875"},"modified":"2017-07-07T15:37:37","modified_gmt":"2017-07-07T18:37:37","slug":"ministerio-do-trabalho-portarias-alteram-normas-regulamentadoras-6-9-e-20","status":"publish","type":"post","link":"https:\/\/www.anamt.org.br\/portal\/2017\/07\/07\/ministerio-do-trabalho-portarias-alteram-normas-regulamentadoras-6-9-e-20\/","title":{"rendered":"Minist\u00e9rio do Trabalho: Portarias alteram Normas Regulamentadoras 6, 9 e 20"},"content":{"rendered":"<div class=\"box-texto-noticia\">Tr\u00eas portarias que trazem altera\u00e7\u00f5es \u00e0s Normas Regulamentadoras (NR) 6, 9 e 20 foram assinadas pelo ministro do Trabalho, Ronaldo Nogueira de Oliveira, e publicadas hoje, dia 7 de julho, na se\u00e7\u00e3o 1 do Di\u00e1rio Oficial da Uni\u00e3o.<\/p>\n<p>As mudan\u00e7as na NR 6 (Equipamentos de Prote\u00e7\u00e3o Individual &#8211; EPI) se deram por meio da <a href=\"http:\/\/www.protecao.com.br\/_system\/scripts\/download.php?file=upload\/protecao_galeriaarquivo\/1194.pdf\">portaria n\u00ba 870<\/a>, que trouxe a inclus\u00e3o dos seguintes itens no Anexo 1: G.4 &#8211; Cal\u00e7a: e) cal\u00e7a para prote\u00e7\u00e3o das pernas contra umidade proveniente de precipita\u00e7\u00e3o pluviom\u00e9trica; H.1 &#8211; Macac\u00e3o: d) macac\u00e3o para prote\u00e7\u00e3o do tronco e membros superiores e inferiores contra umidade proveniente de precipita\u00e7\u00e3o pluviom\u00e9trica; e, H.2 &#8211; Vestimenta de corpo inteiro: d) vestimenta para prote\u00e7\u00e3o de todo o corpo contra umidade proveniente de precipita\u00e7\u00e3o pluviom\u00e9trica. Al\u00e9m disso, houve altera\u00e7\u00f5es no item E.1 &#8211; Vestimentas: e) vestimenta para prote\u00e7\u00e3o do tronco contra umidade proveniente de precipita\u00e7\u00e3o pluviom\u00e9trica.<\/p>\n<p>A <a href=\"http:\/\/www.protecao.com.br\/_system\/scripts\/download.php?file=upload\/protecao_galeriaarquivo\/1195.pdf\">portaria n\u00ba 871<\/a>, altera a reda\u00e7\u00e3o do subitem 12.1.1 do Anexo 2 &#8211; Exposi\u00e7\u00e3o Ocupacional ao Benzeno em Postos Revendedores de Combust\u00edveis &#8211; PRC, da Norma Regulamentadora n\u00ba 9 (Programa de Preven\u00e7\u00e3o de Riscos Ambientais &#8211; PPRA). Conforme o texto, os trabalhadores que realizem, direta ou indiretamente, as atividades cr\u00edticas listadas no subitem 5.1.1.1, exceto as al\u00edneas &#8220;d&#8221;, &#8220;g&#8221; e &#8220;h&#8221;, e, inclusive, no caso de atividade de descarga selada, al\u00ednea &#8220;e&#8221;, devem utilizar equipamento de prote\u00e7\u00e3o respirat\u00f3ria de face inteira, com filtro para vapores org\u00e2nicos, assim como, equipamentos de prote\u00e7\u00e3o para a pele.<\/p>\n<p>J\u00e1, a <a href=\"http:\/\/www.protecao.com.br\/_system\/scripts\/download.php?file=upload\/protecao_galeriaarquivo\/1196.pdf\">portaria n\u00ba 872<\/a>, aprova as diretrizes e requisitos m\u00ednimos para utiliza\u00e7\u00e3o da modalidade de ensino \u00e0 dist\u00e2ncia (EaD) e semipresencial para as capacita\u00e7\u00f5es previstas na Norma Regulamentadora n\u00ba 20 (Seguran\u00e7a e Sa\u00fade no Trabalho com Inflam\u00e1veis e Combust\u00edveis), desde que sejam atendidos os par\u00e2metros especificados no Anexo III &#8211; Diretrizes e Requisitos M\u00ednimos para utiliza\u00e7\u00e3o da modalidade de ensino \u00e0 dist\u00e2ncia e semipresencial &#8211; inclu\u00eddo nesta Portaria, bem como o disposto no item 20.11 e seus subitens e no Anexo II da NR 20.<\/div>\n<div class=\"box-texto-noticia\"><\/div>\n<div class=\"box-texto-noticia\"><em>(Fonte: Revista Prote\u00e7\u00e3o)<\/em><\/div>\n","protected":false},"excerpt":{"rendered":"<p>Tr\u00eas portarias que trazem altera\u00e7\u00f5es \u00e0s Normas Regulamentadoras (NR) 6, 9 e 20 foram assinadas pelo ministro do Trabalho, Ronaldo Nogueira de Oliveira, e publicadas hoje, dia 7 de julho, na se\u00e7\u00e3o 1 do Di\u00e1rio Oficial da Uni\u00e3o. As mudan\u00e7as na NR 6 (Equipamentos de Prote\u00e7\u00e3o Individual &#8211; EPI) se deram por meio da portaria [&hellip;]<\/p>\n","protected":false},"author":1,"featured_media":30514,"comment_status":"closed","ping_status":"closed","sticky":false,"template":"","format":"standard","meta":{"footnotes":""},"categories":[79],"tags":[],"_links":{"self":[{"href":"https:\/\/www.anamt.org.br\/portal\/wp-json\/wp\/v2\/posts\/30875"}],"collection":[{"href":"https:\/\/www.anamt.org.br\/portal\/wp-json\/wp\/v2\/posts"}],"about":[{"href":"https:\/\/www.anamt.org.br\/portal\/wp-json\/wp\/v2\/types\/post"}],"author":[{"embeddable":true,"href":"https:\/\/www.anamt.org.br\/portal\/wp-json\/wp\/v2\/users\/1"}],"replies":[{"embeddable":true,"href":"https:\/\/www.anamt.org.br\/portal\/wp-json\/wp\/v2\/comments?post=30875"}],"version-history":[{"count":0,"href":"https:\/\/www.anamt.org.br\/portal\/wp-json\/wp\/v2\/posts\/30875\/revisions"}],"wp:featuredmedia":[{"embeddable":true,"href":"https:\/\/www.anamt.org.br\/portal\/wp-json\/wp\/v2\/media\/30514"}],"wp:attachment":[{"href":"https:\/\/www.anamt.org.br\/portal\/wp-json\/wp\/v2\/media?parent=30875"}],"wp:term":[{"taxonomy":"category","embeddable":true,"href":"https:\/\/www.anamt.org.br\/portal\/wp-json\/wp\/v2\/categories?post=30875"},{"taxonomy":"post_tag","embeddable":true,"href":"https:\/\/www.anamt.org.br\/portal\/wp-json\/wp\/v2\/tags?post=30875"}],"curies":[{"name":"wp","href":"https:\/\/api.w.org\/{rel}","templated":true}]}}