{"id":30866,"date":"2017-07-05T07:10:06","date_gmt":"2017-07-05T10:10:06","guid":{"rendered":"https:\/\/www.anamt.org.br\/portal\/?p=30866"},"modified":"2017-07-07T09:58:42","modified_gmt":"2017-07-07T12:58:42","slug":"congresso-debate-diagnostico-e-tratamento-da-dor-cronica-em-campinas","status":"publish","type":"post","link":"https:\/\/www.anamt.org.br\/portal\/2017\/07\/05\/congresso-debate-diagnostico-e-tratamento-da-dor-cronica-em-campinas\/","title":{"rendered":"Congresso debate diagn\u00f3stico e tratamento da dor cr\u00f4nica em Campinas"},"content":{"rendered":"<p>As principais refer\u00eancias no tratamento da dor se reunir\u00e3o em Campinas (SP), entre 7 e 9 de julho, no 4\u00ba Congresso da Sociedade Brasileira de M\u00e9dicos Intervencionistas em Dor (Sobramid). A grade cient\u00edfica conta com mais de 50 atividades, entre as quais as apresenta\u00e7\u00f5es de 13 palestrantes estrangeiros e a realiza\u00e7\u00e3o de nove cirurgias. Os procedimentos ocorrer\u00e3o no dia 6 de junho, v\u00e9spera da abertura.<\/p>\n<p>Como em edi\u00e7\u00f5es anteriores, o evento se destaca pela multidisciplinaridade e abrang\u00eancia da programa\u00e7\u00e3o, que inclui aulas nas \u00e1reas de dor craniofacial, dor neurop\u00e1tica, dor do c\u00e2ncer, dor cervical e lombar, o papel da ultrassonografia como ferramenta diagn\u00f3stica das causas da dor, e as novas tend\u00eancias na \u00e1rea de neuromodula\u00e7\u00e3o. O impacto social da dor e a uniformidade da rela\u00e7\u00e3o com conv\u00eanios tamb\u00e9m ser\u00e3o discutidos.<\/p>\n<p>De acordo com o presidente da Sobramid, Charles Amaral de Oliveira, o encontro \u00e9 uma oportunidade \u00fanica para os profissionais que atuam na \u00e1rea. \u201cOs congressistas trocar\u00e3o experi\u00eancias e ter\u00e3o contato com tudo o que h\u00e1 de mais recente, tanto no que diz respeito ao conhecimento quanto a equipamentos. Estou satisfeito em saber que a Sobramid mais uma vez cumprir\u00e1 com sucesso a sua miss\u00e3o de promover a educa\u00e7\u00e3o continuada\u201d, avalia.<\/p>\n<p>Convidados internacionais<\/p>\n<p>Andrea Trescot (Estados Unidos)<br \/>\nAlexandre Teixeira (Portugal)<br \/>\nChung-Jae-Lee (Cor\u00e9ia do Sul)<br \/>\nC\u00e9sar Carcamo Quezada (Chile)<br \/>\nEric Wilson (\u00c1frica do Sul)<br \/>\nGeorge John Arcos (Estados Unidos)<br \/>\nJuan Carlos Flores (Argentina)<br \/>\nLuis Alfonso Moreno Cuartas (Espanha)<br \/>\nMonique Steegers (Holanda)<br \/>\nPeter Staats (Estados Unidos)<br \/>\nRicardo Vallejo (Estados Unidos)<br \/>\nRicardo Plancarte (M\u00e9xico)<br \/>\nSudhir Diwan (Estados Unidos)<br \/>\n4\u00ba Congresso da Sociedade Brasileira de M\u00e9dicos Intervencionistas<\/p>\n<p>Data: 7 a 9 de julho de 2017*<br \/>\nLocal: Hotel Vit\u00f3ria, Campinas (SP)<br \/>\nEndere\u00e7o: Av. Jos\u00e9 de Souza Campos, 425 &#8211; Nova Campinas<br \/>\nMais informa\u00e7\u00f5es: <a href=\"https:\/\/www.congressosobramid.com.br\/\" target=\"_blank\" rel=\"noopener noreferrer\">https:\/\/www.congressosobramid.com.br\/<\/a><\/p>\n<p>*As cirurgias ao vivo acontecer\u00e3o no dia 6 de junho, v\u00e9spera da abertura<\/p>\n","protected":false},"excerpt":{"rendered":"<p>As principais refer\u00eancias no tratamento da dor se reunir\u00e3o em Campinas (SP), entre 7 e 9 de julho, no 4\u00ba Congresso da Sociedade Brasileira de M\u00e9dicos Intervencionistas em Dor (Sobramid). A grade cient\u00edfica conta com mais de 50 atividades, entre as quais as apresenta\u00e7\u00f5es de 13 palestrantes estrangeiros e a realiza\u00e7\u00e3o de nove cirurgias. Os [&hellip;]<\/p>\n","protected":false},"author":1,"featured_media":30867,"comment_status":"closed","ping_status":"closed","sticky":false,"template":"","format":"standard","meta":{"footnotes":""},"categories":[78],"tags":[],"_links":{"self":[{"href":"https:\/\/www.anamt.org.br\/portal\/wp-json\/wp\/v2\/posts\/30866"}],"collection":[{"href":"https:\/\/www.anamt.org.br\/portal\/wp-json\/wp\/v2\/posts"}],"about":[{"href":"https:\/\/www.anamt.org.br\/portal\/wp-json\/wp\/v2\/types\/post"}],"author":[{"embeddable":true,"href":"https:\/\/www.anamt.org.br\/portal\/wp-json\/wp\/v2\/users\/1"}],"replies":[{"embeddable":true,"href":"https:\/\/www.anamt.org.br\/portal\/wp-json\/wp\/v2\/comments?post=30866"}],"version-history":[{"count":0,"href":"https:\/\/www.anamt.org.br\/portal\/wp-json\/wp\/v2\/posts\/30866\/revisions"}],"wp:featuredmedia":[{"embeddable":true,"href":"https:\/\/www.anamt.org.br\/portal\/wp-json\/wp\/v2\/media\/30867"}],"wp:attachment":[{"href":"https:\/\/www.anamt.org.br\/portal\/wp-json\/wp\/v2\/media?parent=30866"}],"wp:term":[{"taxonomy":"category","embeddable":true,"href":"https:\/\/www.anamt.org.br\/portal\/wp-json\/wp\/v2\/categories?post=30866"},{"taxonomy":"post_tag","embeddable":true,"href":"https:\/\/www.anamt.org.br\/portal\/wp-json\/wp\/v2\/tags?post=30866"}],"curies":[{"name":"wp","href":"https:\/\/api.w.org\/{rel}","templated":true}]}}