{"id":30855,"date":"2017-07-05T18:36:52","date_gmt":"2017-07-05T21:36:52","guid":{"rendered":"https:\/\/www.anamt.org.br\/portal\/?p=30855"},"modified":"2017-07-07T09:57:26","modified_gmt":"2017-07-07T12:57:26","slug":"anamt-realiza-ii-workshop-de-cursos-de-especializacao","status":"publish","type":"post","link":"https:\/\/www.anamt.org.br\/portal\/2017\/07\/05\/anamt-realiza-ii-workshop-de-cursos-de-especializacao\/","title":{"rendered":"ANAMT realiza II Workshop de Cursos de Especializa\u00e7\u00e3o em S\u00e3o Paulo"},"content":{"rendered":"<p><img decoding=\"async\" class=\"alignnone size-full wp-image-30857\" src=\"https:\/\/www.anamt.org.br\/portal\/wp-content\/uploads\/2017\/07\/workshopanamat.jpeg\" alt=\"\" width=\"1021\" height=\"595\" srcset=\"https:\/\/www.anamt.org.br\/portal\/wp-content\/uploads\/2017\/07\/workshopanamat-200x117.jpeg 200w, https:\/\/www.anamt.org.br\/portal\/wp-content\/uploads\/2017\/07\/workshopanamat-300x175.jpeg 300w, https:\/\/www.anamt.org.br\/portal\/wp-content\/uploads\/2017\/07\/workshopanamat-400x233.jpeg 400w, https:\/\/www.anamt.org.br\/portal\/wp-content\/uploads\/2017\/07\/workshopanamat-600x350.jpeg 600w, https:\/\/www.anamt.org.br\/portal\/wp-content\/uploads\/2017\/07\/workshopanamat-768x448.jpeg 768w, https:\/\/www.anamt.org.br\/portal\/wp-content\/uploads\/2017\/07\/workshopanamat-800x466.jpeg 800w, https:\/\/www.anamt.org.br\/portal\/wp-content\/uploads\/2017\/07\/workshopanamat.jpeg 1021w\" sizes=\"(max-width: 1021px) 100vw, 1021px\" \/><\/p>\n<p>No dia 1\u00ba de julho, foi realizado em S\u00e3o Paulo (SP) o II Workshop de Cursos de Especializa\u00e7\u00e3o. No evento da ANAMT foram apresentados os resultados do trabalho realizado pelo Grupo T\u00e9cnico, formado no primeiro encontro, em maio.<\/p>\n<p>O trabalho da equipe, formada pelos Drs. Paulo Leal e Francisco Fernandes, tem por objetivo analisar e discutir os eixos estruturantes do modelo de Acredita\u00e7\u00e3o a ser a adotado pela Associa\u00e7\u00e3o.<\/p>\n<p>Participaram do evento a presidente da ANAMT, Dra. Marcia Bandini, o diretor de T\u00edtulo de Especialista, Dr. Alfredo Cherem, al\u00e9m dos coordenadores m\u00e9dicos dos cursos acreditados pela ANAMT.<\/p>\n","protected":false},"excerpt":{"rendered":"<p>No dia 1\u00ba de julho, foi realizado em S\u00e3o Paulo (SP) o II Workshop de Cursos de Especializa\u00e7\u00e3o. No evento da ANAMT foram apresentados os resultados do trabalho realizado pelo Grupo T\u00e9cnico, formado no primeiro encontro, em maio. O trabalho da equipe, formada pelos Drs. Paulo Leal e Francisco Fernandes, tem por objetivo analisar e [&hellip;]<\/p>\n","protected":false},"author":1,"featured_media":30856,"comment_status":"closed","ping_status":"closed","sticky":false,"template":"","format":"standard","meta":{"footnotes":""},"categories":[78],"tags":[],"_links":{"self":[{"href":"https:\/\/www.anamt.org.br\/portal\/wp-json\/wp\/v2\/posts\/30855"}],"collection":[{"href":"https:\/\/www.anamt.org.br\/portal\/wp-json\/wp\/v2\/posts"}],"about":[{"href":"https:\/\/www.anamt.org.br\/portal\/wp-json\/wp\/v2\/types\/post"}],"author":[{"embeddable":true,"href":"https:\/\/www.anamt.org.br\/portal\/wp-json\/wp\/v2\/users\/1"}],"replies":[{"embeddable":true,"href":"https:\/\/www.anamt.org.br\/portal\/wp-json\/wp\/v2\/comments?post=30855"}],"version-history":[{"count":0,"href":"https:\/\/www.anamt.org.br\/portal\/wp-json\/wp\/v2\/posts\/30855\/revisions"}],"wp:featuredmedia":[{"embeddable":true,"href":"https:\/\/www.anamt.org.br\/portal\/wp-json\/wp\/v2\/media\/30856"}],"wp:attachment":[{"href":"https:\/\/www.anamt.org.br\/portal\/wp-json\/wp\/v2\/media?parent=30855"}],"wp:term":[{"taxonomy":"category","embeddable":true,"href":"https:\/\/www.anamt.org.br\/portal\/wp-json\/wp\/v2\/categories?post=30855"},{"taxonomy":"post_tag","embeddable":true,"href":"https:\/\/www.anamt.org.br\/portal\/wp-json\/wp\/v2\/tags?post=30855"}],"curies":[{"name":"wp","href":"https:\/\/api.w.org\/{rel}","templated":true}]}}