{"id":30852,"date":"2017-07-05T08:41:52","date_gmt":"2017-07-05T11:41:52","guid":{"rendered":"https:\/\/www.anamt.org.br\/portal\/?p=30852"},"modified":"2017-07-07T09:57:57","modified_gmt":"2017-07-07T12:57:57","slug":"mpt-pede-a-revogacao-de-parecer-do-cfm-sobre-sigilo-medico","status":"publish","type":"post","link":"https:\/\/www.anamt.org.br\/portal\/2017\/07\/05\/mpt-pede-a-revogacao-de-parecer-do-cfm-sobre-sigilo-medico\/","title":{"rendered":"MPT pede a revoga\u00e7\u00e3o de parecer do CFM sobre sigilo m\u00e9dico"},"content":{"rendered":"<p>Em cumprimento \u00e0 notifica\u00e7\u00e3o recomendat\u00f3ria do Minist\u00e9rio P\u00fablico do Trabalho (MPT), a Associa\u00e7\u00e3o Nacional de Medicina do Trabalho (ANAMT) informa que o MPT pediu a revoga\u00e7\u00e3o do Parecer N\u00ba 3 do Conselho Federal de Medicina (CFM) para que os M\u00e9dicos do Trabalho contratados por empresas se abstenham de utilizar dados de prontu\u00e1rios m\u00e9dicos dos trabalhadores com a finalidade de impugnar o reconhecimento do Nexo T\u00e9cnico Epidemiol\u00f3gico (NTEP) pelo Instituto Nacional de Seguridade Social (INSS).<\/p>\n<p>Na notifica\u00e7\u00e3o, o MPT refor\u00e7a que o C\u00f3digo de \u00c9tica M\u00e9dica veda a conduta de \u201crevelar informa\u00e7\u00f5es confidenciais obtidas quando do exame m\u00e9dico de trabalhadores, inclusive por exig\u00eancia dos dirigentes de empresas ou de institui\u00e7\u00f5es\u201d, al\u00e9m de citar que o C\u00f3digo Penal tipifica como crime a viola\u00e7\u00e3o do sigilo profissional sem justa causa.<\/p>\n<p>Para mais informa\u00e7\u00f5es, <a href=\"http:\/\/prt10.mpt.mp.br\/images\/recomendacao_38911-2017_Gerado-em-03-07-2017-14h17min03s.pdf\" target=\"_blank\" rel=\"noopener noreferrer\">confira a \u00edntegra da notifica\u00e7\u00e3o recomendat\u00f3ria<\/a>.<\/p>\n","protected":false},"excerpt":{"rendered":"<p>Em cumprimento \u00e0 notifica\u00e7\u00e3o recomendat\u00f3ria do Minist\u00e9rio P\u00fablico do Trabalho (MPT), a Associa\u00e7\u00e3o Nacional de Medicina do Trabalho (ANAMT) informa que o MPT pediu a revoga\u00e7\u00e3o do Parecer N\u00ba 3 do Conselho Federal de Medicina (CFM) para que os M\u00e9dicos do Trabalho contratados por empresas se abstenham de utilizar dados de prontu\u00e1rios m\u00e9dicos dos trabalhadores [&hellip;]<\/p>\n","protected":false},"author":1,"featured_media":30853,"comment_status":"closed","ping_status":"closed","sticky":false,"template":"","format":"standard","meta":{"footnotes":""},"categories":[79],"tags":[],"_links":{"self":[{"href":"https:\/\/www.anamt.org.br\/portal\/wp-json\/wp\/v2\/posts\/30852"}],"collection":[{"href":"https:\/\/www.anamt.org.br\/portal\/wp-json\/wp\/v2\/posts"}],"about":[{"href":"https:\/\/www.anamt.org.br\/portal\/wp-json\/wp\/v2\/types\/post"}],"author":[{"embeddable":true,"href":"https:\/\/www.anamt.org.br\/portal\/wp-json\/wp\/v2\/users\/1"}],"replies":[{"embeddable":true,"href":"https:\/\/www.anamt.org.br\/portal\/wp-json\/wp\/v2\/comments?post=30852"}],"version-history":[{"count":0,"href":"https:\/\/www.anamt.org.br\/portal\/wp-json\/wp\/v2\/posts\/30852\/revisions"}],"wp:featuredmedia":[{"embeddable":true,"href":"https:\/\/www.anamt.org.br\/portal\/wp-json\/wp\/v2\/media\/30853"}],"wp:attachment":[{"href":"https:\/\/www.anamt.org.br\/portal\/wp-json\/wp\/v2\/media?parent=30852"}],"wp:term":[{"taxonomy":"category","embeddable":true,"href":"https:\/\/www.anamt.org.br\/portal\/wp-json\/wp\/v2\/categories?post=30852"},{"taxonomy":"post_tag","embeddable":true,"href":"https:\/\/www.anamt.org.br\/portal\/wp-json\/wp\/v2\/tags?post=30852"}],"curies":[{"name":"wp","href":"https:\/\/api.w.org\/{rel}","templated":true}]}}