{"id":30838,"date":"2017-06-30T11:32:11","date_gmt":"2017-06-30T14:32:11","guid":{"rendered":"https:\/\/www.anamt.org.br\/portal\/?p=30838"},"modified":"2017-07-07T10:03:41","modified_gmt":"2017-07-07T13:03:41","slug":"mpt-quer-intensificar-cumprimento-de-cota-para-pcds","status":"publish","type":"post","link":"https:\/\/www.anamt.org.br\/portal\/2017\/06\/30\/mpt-quer-intensificar-cumprimento-de-cota-para-pcds\/","title":{"rendered":"MPT quer intensificar cumprimento de cota para PCDs"},"content":{"rendered":"<p>Com o objetivo de pensar caminhos para superar dificuldades que envolvem a inclus\u00e3o de pessoas com defici\u00eancia (PCDs) e reabilitadas no mercado de trabalho, o Minist\u00e9rio P\u00fablico do Trabalho (MPT) promoveu, na sexta-feira (22), uma reuni\u00e3o com 29 representantes de \u00f3rg\u00e3os p\u00fablicos e de institui\u00e7\u00f5es especializadas na inclus\u00e3o de PCDs.<\/p>\n<p>Na abertura, a procuradora do Trabalho Elaine Nassif enfatizou que a atua\u00e7\u00e3o articulada entre gestores p\u00fablicos e organiza\u00e7\u00f5es da sociedade civil \u00e9 fundamental, j\u00e1 que os avan\u00e7os nesta \u00e1rea dependem de sensibiliza\u00e7\u00e3o e de mudan\u00e7a de cultura empresarial. \u201cO balan\u00e7o de 2015 do MPT apontou que 127 empresas passaram a cumprir a lei de cotas por meio de assinatura e termo de ajustamento de conduta e apenas 17 por meio de a\u00e7\u00f5es judiciais\u201d, ilustrou a procuradora.<\/p>\n<p>Un\u00e2nimes no entendimento de que a inclus\u00e3o no mercado de trabalho vai muito al\u00e9m da contrata\u00e7\u00e3o, representantes de institui\u00e7\u00f5es ofereceram sugest\u00f5es focadas no acompanhamento da adapta\u00e7\u00e3o nas empresas. \u201cHoje vejo a aprendizagem como solu\u00e7\u00e3o para que as pessoas ingressem no mercado de trabalho. Como n\u00e3o h\u00e1 limite de idade, promovemos inclus\u00e3o de profissionais entre 14 e 60 anos. Todos s\u00e3o capacitados para exercer a fun\u00e7\u00e3o\u201d, relatou a representante da Rede Cidad\u00e3, Wandelza Del Maestro Valim; Marli Helena da Silva, da Federa\u00e7\u00e3o da Apaes.<\/p>\n<p>O subsecret\u00e1rio do trabalho da Secretaria de Estado de Desenvolvimento Social de Minas Gerais (Sedese), Ant\u00f4nio Lambertucci, apresentou tr\u00eas sugest\u00f5es: levar para o Conselho das Federa\u00e7\u00f5es de Empresas, que re\u00fane todas as federa\u00e7\u00f5es das maiores seguimentos empresariais de Minas Gerais; criar grupo de trabalho permanente, para avaliar e monitorar as a\u00e7\u00f5es, e manter a perman\u00eancia do debate; propor \u00e0 Associa\u00e7\u00e3o Mineira de Munic\u00edpios \u2013 (AMM) uma reuni\u00e3o para discutir a exig\u00eancia do cumprimento da cota de empresas fornecedoras do Estado.<\/p>\n<p>Projeto &#8211; A reuni\u00e3o integra as a\u00e7\u00f5es do Projeto Acessibilidade e Inclus\u00e3o no Trabalho de Pessoas com Defici\u00eancia e Benefici\u00e1rios Reabilitados, que o MPT desenvolve em todo o Brasil. \u00c9 tamb\u00e9m preparativa para as a\u00e7\u00f5es da Semana Nacional da Pessoa com Defici\u00eancia, que ser\u00e1 realizada de 18 a 22 de setembro de 2017. Os pr\u00f3ximos encontros do grupo est\u00e3o marcados para os dias 28 de julho e 25 de agosto, \u00e0s 14 horas.<\/p>\n<p>Al\u00e9m de representantes de organiza\u00e7\u00f5es da sociedade civil que promovem a inclus\u00e3o de PCDs no mercado de trabalho, estiveram presentes representantes da Subsecretaria da Estado de Desenvolvimento Social de Minas Gerais, da Secretaria Municipal de Pol\u00edticas Sociais de BH, do N\u00facleo de Igualdade de Oportunidades do Minist\u00e9rio do Trabalho, N\u00facleo de reabilita\u00e7\u00e3o do INSS, Coordenadoria de Pessoas com Defici\u00eancia da PBH, a Secretaria Municipal de Desenvolvimento Social.<\/p>\n<p><em>Fonte: Minist\u00e9rio P\u00fablico do Trabalho<\/em><\/p>\n","protected":false},"excerpt":{"rendered":"<p>Com o objetivo de pensar caminhos para superar dificuldades que envolvem a inclus\u00e3o de pessoas com defici\u00eancia (PCDs) e reabilitadas no mercado de trabalho, o Minist\u00e9rio P\u00fablico do Trabalho (MPT) promoveu, na sexta-feira (22), uma reuni\u00e3o com 29 representantes de \u00f3rg\u00e3os p\u00fablicos e de institui\u00e7\u00f5es especializadas na inclus\u00e3o de PCDs. Na abertura, a procuradora do [&hellip;]<\/p>\n","protected":false},"author":1,"featured_media":30839,"comment_status":"closed","ping_status":"closed","sticky":false,"template":"","format":"standard","meta":{"footnotes":""},"categories":[80],"tags":[],"_links":{"self":[{"href":"https:\/\/www.anamt.org.br\/portal\/wp-json\/wp\/v2\/posts\/30838"}],"collection":[{"href":"https:\/\/www.anamt.org.br\/portal\/wp-json\/wp\/v2\/posts"}],"about":[{"href":"https:\/\/www.anamt.org.br\/portal\/wp-json\/wp\/v2\/types\/post"}],"author":[{"embeddable":true,"href":"https:\/\/www.anamt.org.br\/portal\/wp-json\/wp\/v2\/users\/1"}],"replies":[{"embeddable":true,"href":"https:\/\/www.anamt.org.br\/portal\/wp-json\/wp\/v2\/comments?post=30838"}],"version-history":[{"count":0,"href":"https:\/\/www.anamt.org.br\/portal\/wp-json\/wp\/v2\/posts\/30838\/revisions"}],"wp:featuredmedia":[{"embeddable":true,"href":"https:\/\/www.anamt.org.br\/portal\/wp-json\/wp\/v2\/media\/30839"}],"wp:attachment":[{"href":"https:\/\/www.anamt.org.br\/portal\/wp-json\/wp\/v2\/media?parent=30838"}],"wp:term":[{"taxonomy":"category","embeddable":true,"href":"https:\/\/www.anamt.org.br\/portal\/wp-json\/wp\/v2\/categories?post=30838"},{"taxonomy":"post_tag","embeddable":true,"href":"https:\/\/www.anamt.org.br\/portal\/wp-json\/wp\/v2\/tags?post=30838"}],"curies":[{"name":"wp","href":"https:\/\/api.w.org\/{rel}","templated":true}]}}