{"id":30832,"date":"2017-06-29T10:06:52","date_gmt":"2017-06-29T13:06:52","guid":{"rendered":"https:\/\/www.anamt.org.br\/portal\/?p=30832"},"modified":"2017-07-07T10:06:05","modified_gmt":"2017-07-07T13:06:05","slug":"evento-sobre-ergonomia-mostra-a-importancia-de-dar-voz-ao-trabalhador","status":"publish","type":"post","link":"https:\/\/www.anamt.org.br\/portal\/2017\/06\/29\/evento-sobre-ergonomia-mostra-a-importancia-de-dar-voz-ao-trabalhador\/","title":{"rendered":"Evento sobre ergonomia mostra a import\u00e2ncia de dar voz ao trabalhador"},"content":{"rendered":"<p>A import\u00e2ncia de ouvir a voz do trabalhador na hora de realizar um projeto foi um dos aspectos discutidos durante o &#8220;Semin\u00e1rio Trabalho e Preven\u00e7\u00e3o &#8211; Ergonomia&#8221; no audit\u00f3rio do Pal\u00e1cio da Justi\u00e7a do Trabalho, no Rio de Janeiro\/RJ. O evento, realizado em 26 de junho, foi organizado pela Fundacentro\/RJ e teve cerca de 100 participantes.<\/p>\n<p>Esse aspecto foi retratado pela ergonomista e desenhista industrial, B\u00e1rbara Oggioni, que falou sobre &#8220;a inclus\u00e3o do trabalhar nos projetos: contribui\u00e7\u00f5es da Ergonomia&#8221;. Mestre e doutoranda em Engenharia de Produ\u00e7\u00e3o na Coppe\/UFRJ (Instituto Alberto Luiz Coimbra de P\u00f3s-Gradua\u00e7\u00e3o e Pesquisa de Engenharia\/ Universidade Federal do Rio de Janeiro), Oggioni mostrou alguns estudos de caso que demonstraram uma melhoria significativa nas condi\u00e7\u00f5es de trabalho a partir do momento em que se levou em considera\u00e7\u00e3o a voz do trabalhador.<\/p>\n<p>Um dos setores retratados foi o de plataformas, no caso de manuten\u00e7\u00e3o de v\u00e1lvulas e de sistemas off shore, em que os projetistas levaram em considera\u00e7\u00e3o as contribui\u00e7\u00f5es dos trabalhadores. Com essa interface, os projetos e a interven\u00e7\u00e3o ergon\u00f4mica puderam proporcionar melhorias no ambiente de trabalho.<\/p>\n<p>&#8220;Foi feita uma abordagem da inclus\u00e3o do trabalhador nos projetos, levando-se em conta que a ergonomia busca uma interface entre o trabalhador, a m\u00e1quina e o ambiente de trabalho&#8221;, explica o chefe t\u00e9cnico da Fundacentro\/RJ, Flavio Maldonado Bentes. O trabalhador \u00e9 quem mais conhece o dia a dia, o objeto e o posto de trabalho. &#8220;Os projetistas devem levar em considera\u00e7\u00e3o n\u00e3o somente o conhecimento t\u00e9cnico em seus projetos, mas tamb\u00e9m o conhecimento emp\u00edrico e pr\u00e1tico do trabalhador&#8221;, completa.<\/p>\n<p>Outro tema abordado foi &#8220;trabalho e sa\u00fade: considera\u00e7\u00f5es sobre a contribui\u00e7\u00e3o da ergonomia&#8221;. A terapeuta ocupacional Carolina Alonso, mestre em Ci\u00eancias da Sa\u00fade pela Universidade de S\u00e3o Paulo &#8211; USP e doutoranda em Engenharia de Produ\u00e7\u00e3o pela Coppe\/UFRJ, buscou mostrar as contribui\u00e7\u00f5es da terapia ocupacional no campo da ergonomia.<\/p>\n<p>&#8220;O enfoque foi a interface com o trabalho e melhoria das condi\u00e7\u00f5es mediante estudos, an\u00e1lise e contribui\u00e7\u00f5es, a partir da utiliza\u00e7\u00e3o da terapia ocupacional, contribuindo de maneira mais aprofundada no campo da ergonomia e trazendo melhoria na condi\u00e7\u00e3o de trabalho dos trabalhadores e na interface do homem com o ambiente de trabalho&#8221;, avalia Bentes.<\/p>\n<p>O evento foi encerrado com um debate entre as palestrantes e o p\u00fablico, coordenado pelo analista em ci\u00eancia e tecnologia da Fundacentro\/RJ, Emerson Teixeira.<\/p>\n<p><em>Fonte: Fundacentro<\/em><\/p>\n","protected":false},"excerpt":{"rendered":"<p>A import\u00e2ncia de ouvir a voz do trabalhador na hora de realizar um projeto foi um dos aspectos discutidos durante o &#8220;Semin\u00e1rio Trabalho e Preven\u00e7\u00e3o &#8211; Ergonomia&#8221; no audit\u00f3rio do Pal\u00e1cio da Justi\u00e7a do Trabalho, no Rio de Janeiro\/RJ. O evento, realizado em 26 de junho, foi organizado pela Fundacentro\/RJ e teve cerca de 100 [&hellip;]<\/p>\n","protected":false},"author":1,"featured_media":30833,"comment_status":"closed","ping_status":"closed","sticky":false,"template":"","format":"standard","meta":{"footnotes":""},"categories":[78],"tags":[],"_links":{"self":[{"href":"https:\/\/www.anamt.org.br\/portal\/wp-json\/wp\/v2\/posts\/30832"}],"collection":[{"href":"https:\/\/www.anamt.org.br\/portal\/wp-json\/wp\/v2\/posts"}],"about":[{"href":"https:\/\/www.anamt.org.br\/portal\/wp-json\/wp\/v2\/types\/post"}],"author":[{"embeddable":true,"href":"https:\/\/www.anamt.org.br\/portal\/wp-json\/wp\/v2\/users\/1"}],"replies":[{"embeddable":true,"href":"https:\/\/www.anamt.org.br\/portal\/wp-json\/wp\/v2\/comments?post=30832"}],"version-history":[{"count":0,"href":"https:\/\/www.anamt.org.br\/portal\/wp-json\/wp\/v2\/posts\/30832\/revisions"}],"wp:featuredmedia":[{"embeddable":true,"href":"https:\/\/www.anamt.org.br\/portal\/wp-json\/wp\/v2\/media\/30833"}],"wp:attachment":[{"href":"https:\/\/www.anamt.org.br\/portal\/wp-json\/wp\/v2\/media?parent=30832"}],"wp:term":[{"taxonomy":"category","embeddable":true,"href":"https:\/\/www.anamt.org.br\/portal\/wp-json\/wp\/v2\/categories?post=30832"},{"taxonomy":"post_tag","embeddable":true,"href":"https:\/\/www.anamt.org.br\/portal\/wp-json\/wp\/v2\/tags?post=30832"}],"curies":[{"name":"wp","href":"https:\/\/api.w.org\/{rel}","templated":true}]}}