{"id":30820,"date":"2017-06-26T14:48:37","date_gmt":"2017-06-26T17:48:37","guid":{"rendered":"https:\/\/www.anamt.org.br\/portal\/?p=30820"},"modified":"2017-07-07T10:07:01","modified_gmt":"2017-07-07T13:07:01","slug":"seminario-sudeste-anamt-programacao-completa-disponivel","status":"publish","type":"post","link":"https:\/\/www.anamt.org.br\/portal\/2017\/06\/26\/seminario-sudeste-anamt-programacao-completa-disponivel\/","title":{"rendered":"Semin\u00e1rio Sudeste ANAMT: programa\u00e7\u00e3o completa dispon\u00edvel"},"content":{"rendered":"<p>A programa\u00e7\u00e3o do Semin\u00e1rio Sudeste ANAMT est\u00e1 dispon\u00edvel no <a href=\"http:\/\/seminariosanamt.com.br\/seminariosudeste\/programacao\/\" target=\"_blank\" rel=\"noopener noreferrer\">site<\/a>\u00a0do evento. Os cursos, palestras, confer\u00eancias e mesas redondas ser\u00e3o em torno do tema central do evento: Sa\u00fade Mental: O Grande Desafio do M\u00e9dico do Trabalho.<\/p>\n<p>O evento ser\u00e1 realizado entre 7 e 9 de setembro, em Belo Horizonte (MG). As inscri\u00e7\u00f5es est\u00e3o abertas. Mais informa\u00e7\u00f5es sobre o Semin\u00e1rio, no<a href=\"http:\/\/seminariosanamt.com.br\/seminariosudeste\" target=\"_blank\" rel=\"noopener noreferrer\"> site<\/a>\u00a0do Semin\u00e1rio.<\/p>\n","protected":false},"excerpt":{"rendered":"<p>A programa\u00e7\u00e3o do Semin\u00e1rio Sudeste ANAMT est\u00e1 dispon\u00edvel no site\u00a0do evento. Os cursos, palestras, confer\u00eancias e mesas redondas ser\u00e3o em torno do tema central do evento: Sa\u00fade Mental: O Grande Desafio do M\u00e9dico do Trabalho. O evento ser\u00e1 realizado entre 7 e 9 de setembro, em Belo Horizonte (MG). As inscri\u00e7\u00f5es est\u00e3o abertas. Mais informa\u00e7\u00f5es [&hellip;]<\/p>\n","protected":false},"author":1,"featured_media":30703,"comment_status":"closed","ping_status":"closed","sticky":false,"template":"","format":"standard","meta":{"footnotes":""},"categories":[78],"tags":[],"_links":{"self":[{"href":"https:\/\/www.anamt.org.br\/portal\/wp-json\/wp\/v2\/posts\/30820"}],"collection":[{"href":"https:\/\/www.anamt.org.br\/portal\/wp-json\/wp\/v2\/posts"}],"about":[{"href":"https:\/\/www.anamt.org.br\/portal\/wp-json\/wp\/v2\/types\/post"}],"author":[{"embeddable":true,"href":"https:\/\/www.anamt.org.br\/portal\/wp-json\/wp\/v2\/users\/1"}],"replies":[{"embeddable":true,"href":"https:\/\/www.anamt.org.br\/portal\/wp-json\/wp\/v2\/comments?post=30820"}],"version-history":[{"count":0,"href":"https:\/\/www.anamt.org.br\/portal\/wp-json\/wp\/v2\/posts\/30820\/revisions"}],"wp:featuredmedia":[{"embeddable":true,"href":"https:\/\/www.anamt.org.br\/portal\/wp-json\/wp\/v2\/media\/30703"}],"wp:attachment":[{"href":"https:\/\/www.anamt.org.br\/portal\/wp-json\/wp\/v2\/media?parent=30820"}],"wp:term":[{"taxonomy":"category","embeddable":true,"href":"https:\/\/www.anamt.org.br\/portal\/wp-json\/wp\/v2\/categories?post=30820"},{"taxonomy":"post_tag","embeddable":true,"href":"https:\/\/www.anamt.org.br\/portal\/wp-json\/wp\/v2\/tags?post=30820"}],"curies":[{"name":"wp","href":"https:\/\/api.w.org\/{rel}","templated":true}]}}