{"id":30773,"date":"2017-06-13T11:55:33","date_gmt":"2017-06-13T14:55:33","guid":{"rendered":"https:\/\/www.anamt.org.br\/portal\/?p=30773"},"modified":"2017-06-13T11:57:29","modified_gmt":"2017-06-13T14:57:29","slug":"portaria-altera-norma-regulamentadora-no-34","status":"publish","type":"post","link":"https:\/\/www.anamt.org.br\/portal\/2017\/06\/13\/portaria-altera-norma-regulamentadora-no-34\/","title":{"rendered":"Portaria altera Norma Regulamentadora n\u00ba 34"},"content":{"rendered":"<p>A altera\u00e7\u00e3o da Norma Regulamentadora (NR) n\u00ba 34 (Condi\u00e7\u00f5es e Meio Ambiente de Trabalho na Ind\u00fastria da Constru\u00e7\u00e3o e Repara\u00e7\u00e3o Naval) foi publicada hoje, dia 13, na se\u00e7\u00e3o 1 do Di\u00e1rio Oficial da Uni\u00e3o. A mudan\u00e7a se deu por meio da portaria n\u00ba 790, de 9 de junho de 2017, assinada pelo ministro do Trabalho, Ronaldo Nogueira.<\/p>\n<p>Entre as modifica\u00e7\u00f5es, teve a troca do t\u00edtulo &#8220;Condi\u00e7\u00f5es e Meio Ambiente de Trabalho na Ind\u00fastria da Constru\u00e7\u00e3o e Repara\u00e7\u00e3o Naval&#8221; para &#8220;Condi\u00e7\u00f5es e Meio Ambiente de Trabalho na Ind\u00fastria da Constru\u00e7\u00e3o, Repara\u00e7\u00e3o e Desmonte Naval&#8221;. Al\u00e9m disso, houve altera\u00e7\u00f5es no item 34.7 &#8211; Trabalho com Exposi\u00e7\u00e3o a Radia\u00e7\u00f5es Ionizantes, que estabelece os requisitos m\u00ednimos e as medidas de prote\u00e7\u00e3o \u00e0 seguran\u00e7a, \u00e0 sa\u00fade e ao meio ambiente de trabalho nas atividades da ind\u00fastria de constru\u00e7\u00e3o, repara\u00e7\u00e3o e desmonte naval.<\/p>\n<p>Integram as novas recomenda\u00e7\u00f5es para a execu\u00e7\u00e3o dos servi\u00e7os que envolvem radiografia e gamagrafia aspectos como: inclus\u00e3o do supervisor de prote\u00e7\u00e3o radiol\u00f3gica para acompanhar as atividades; articula\u00e7\u00e3o do plano de prote\u00e7\u00e3o radiol\u00f3gica com os demais programas da empresa como PPRA e PCMSO; provid\u00eancias de preven\u00e7\u00e3o a serem adotadas antes e durante a exposi\u00e7\u00e3o, entre outras medidas.<\/p>\n<p><a href=\"http:\/\/www.protecao.com.br\/_system\/scripts\/download.php?file=upload\/protecao_galeriaarquivo\/1193.pdf\" target=\"_blank\" rel=\"noopener noreferrer\">Confira aqui a portaria n\u00ba 790, de 9 de junho de 2017.<\/a><\/p>\n<p><em>Fonte: Revista Prote\u00e7\u00e3o<\/em><\/p>\n","protected":false},"excerpt":{"rendered":"<p>A altera\u00e7\u00e3o da Norma Regulamentadora (NR) n\u00ba 34 (Condi\u00e7\u00f5es e Meio Ambiente de Trabalho na Ind\u00fastria da Constru\u00e7\u00e3o e Repara\u00e7\u00e3o Naval) foi publicada hoje, dia 13, na se\u00e7\u00e3o 1 do Di\u00e1rio Oficial da Uni\u00e3o. A mudan\u00e7a se deu por meio da portaria n\u00ba 790, de 9 de junho de 2017, assinada pelo ministro do Trabalho, [&hellip;]<\/p>\n","protected":false},"author":1,"featured_media":30712,"comment_status":"closed","ping_status":"closed","sticky":false,"template":"","format":"standard","meta":{"footnotes":""},"categories":[79],"tags":[],"_links":{"self":[{"href":"https:\/\/www.anamt.org.br\/portal\/wp-json\/wp\/v2\/posts\/30773"}],"collection":[{"href":"https:\/\/www.anamt.org.br\/portal\/wp-json\/wp\/v2\/posts"}],"about":[{"href":"https:\/\/www.anamt.org.br\/portal\/wp-json\/wp\/v2\/types\/post"}],"author":[{"embeddable":true,"href":"https:\/\/www.anamt.org.br\/portal\/wp-json\/wp\/v2\/users\/1"}],"replies":[{"embeddable":true,"href":"https:\/\/www.anamt.org.br\/portal\/wp-json\/wp\/v2\/comments?post=30773"}],"version-history":[{"count":0,"href":"https:\/\/www.anamt.org.br\/portal\/wp-json\/wp\/v2\/posts\/30773\/revisions"}],"wp:featuredmedia":[{"embeddable":true,"href":"https:\/\/www.anamt.org.br\/portal\/wp-json\/wp\/v2\/media\/30712"}],"wp:attachment":[{"href":"https:\/\/www.anamt.org.br\/portal\/wp-json\/wp\/v2\/media?parent=30773"}],"wp:term":[{"taxonomy":"category","embeddable":true,"href":"https:\/\/www.anamt.org.br\/portal\/wp-json\/wp\/v2\/categories?post=30773"},{"taxonomy":"post_tag","embeddable":true,"href":"https:\/\/www.anamt.org.br\/portal\/wp-json\/wp\/v2\/tags?post=30773"}],"curies":[{"name":"wp","href":"https:\/\/api.w.org\/{rel}","templated":true}]}}