{"id":30645,"date":"2017-05-30T13:26:35","date_gmt":"2017-05-30T16:26:35","guid":{"rendered":"https:\/\/www.anamt.org.br\/portal\/?p=30645"},"modified":"2017-05-31T13:25:06","modified_gmt":"2017-05-31T16:25:06","slug":"apmt-programa-se-para-a-agenda-de-eventos-em-sp-nos-proximos-meses","status":"publish","type":"post","link":"https:\/\/www.anamt.org.br\/portal\/2017\/05\/30\/apmt-programa-se-para-a-agenda-de-eventos-em-sp-nos-proximos-meses\/","title":{"rendered":"APMT: programa-se para a agenda de eventos em SP nos pr\u00f3ximos meses"},"content":{"rendered":"<div>\n<p>A APMT vem trabalhando forte em informa\u00e7\u00f5es de qualidade e relevantes para a atualiza\u00e7\u00e3o profissional dos nossos associados e parceiros. Assim, trazemos o calend\u00e1rio dos pr\u00f3ximos eventos. Participe!<\/p>\n<p><u>Reuni\u00e3o Cient\u00edfica<\/u><br \/>\n<strong>TEMA &#8211; Linha de cuidado para a trabalhadora gestante e lactante<\/strong><br \/>\n<strong>OBJETIVOS<\/strong> &#8211; A Lei 13.287, de 11\/05\/2016 (DOU, Ed. Extra de 11\/05\/2016), que acrescenta o artigo 394-A \u00e0 CLT (Consolida\u00e7\u00e3o das Leis do Trabalho &#8211; aprovada pelo Decreto-Lei 5.452, de 01\/05\/1943), proibindo a empregada gestante ou lactante de trabalhar em quaisquer atividades, opera\u00e7\u00f5es ou locais insalubres, apesar da forma inapropriada como foi redigida, traz \u00e0 tona importante tema relativo \u00e0 seguran\u00e7a e sa\u00fade no trabalho e aten\u00e7\u00e3o integral \u00e0 sa\u00fade da trabalhadora. Este evento cient\u00edfico tem por objetivos analisar os agentes de risco ocupacional para trabalhadoras gestantes e lactantes, seus impactos na gesta\u00e7\u00e3o, no concepto e no lactente buscando construir um referencial te\u00f3rico que possa fundamentar decis\u00f5es t\u00e9cnicas, administrativas e pol\u00edticas.<br \/>\n<strong>PALESTRANTES<\/strong> \u2013 Doutores Marcelo Pustiglione, Edmundo Di Giaimo Caboclo, Mois\u00e9s Cenchinski e Flavia Souza e Silva de Almeida<br \/>\n<strong>LOCAL <\/strong>&#8211;\u00a0 Audit\u00f3rio da Associa\u00e7\u00e3o Paulista de Medicina \u2013 Avenida Brigadeiro Luiz Ant\u00f4nio 278, 10\u00ba andar<br \/>\n<strong>DATA &#8211;<\/strong> 29 de maio de 2017 &#8211; das 19h \u00e0s 22h<br \/>\n<strong>VALOR <\/strong>&#8211; Gratuito para Associados da APMT, APM e ANAMT. Para n\u00e3o associados: 90,00<br \/>\n<strong>INCRI\u00c7\u00d5ES &#8211;<\/strong> Atrav\u00e9s do site da APM \u2013 <a href=\"http:\/\/www.apm.org.br\">www.apm.org.br<\/a> at\u00e9 o dia 22\/05\/2017<br \/>\nAp\u00f3s esta data, ser\u00e3o poss\u00edveis apenas inscri\u00e7\u00f5es para participa\u00e7\u00e3o presencial, a serem realizadas no local no dia do evento.<br \/>\n<u>Participa\u00e7\u00e3o Presencial e via Web Transmiss\u00e3o<\/u><\/p>\n<p><u>Reuni\u00e3o Cient\u00edfica<\/u><br \/>\n<strong>TEMA &#8211; Repercuss\u00f5es da Reforma Trabalhista e da Terceiriza\u00e7\u00e3o no Exerc\u00edcio da Medicina do Trabalho<\/strong><br \/>\n<strong>OBJETIVOS &#8211; <\/strong>O evento tem como objetivo apresentar e debater as repercuss\u00f5es para a sa\u00fade\/adoecimento dos trabalhadores e para a constitui\u00e7\u00e3o e funcionamento dos SESMT decorrentes da reforma trabalhista e da terceiriza\u00e7\u00e3o, em tramita\u00e7\u00e3o no Congresso Nacional.<br \/>\n<strong>PALESTRANTES \u2013<\/strong> Professor Joseval Martins Viana, Representante empresarial (nome a ser definido pela FIESP), Cesar Augusto de Mello e Professor Prof. Ren\u00e9 Mendes<br \/>\n<strong>LOCAL &#8211;<\/strong> Associa\u00e7\u00e3o Paulista de Medicina (APM). Av. Brigadeiro Lu\u00eds Ant\u00f4nio, 278 &#8211; Bela Vista, SP Tel: (11) 3188-4252<br \/>\n<strong>DATA<\/strong> &#8211; 20\/06\/2017 das 19h \u00e0s 21h30min<br \/>\n<strong>VALOR &#8211;<\/strong> Gratuito para s\u00f3cios APM\/APMT\/ANAMT. Para n\u00e3o associados: 90,00<\/p>\n<p><strong>INSCRI\u00c7\u00d5ES &#8211;<\/strong> \u00a0Atrav\u00e9s do site da APM \u2013 www.apm.org.br at\u00e9 o dia 13\/06\/2017<br \/>\nAp\u00f3s esta data, ser\u00e3o poss\u00edveis apenas inscri\u00e7\u00f5es para participa\u00e7\u00e3o presencial, a serem realizadas no local no dia do evento.<br \/>\n<u>Participa\u00e7\u00e3o Presencial e via Web Transmiss\u00e3o<\/u><\/p>\n<p><u>Reuni\u00e3o Cient\u00edfica<\/u><br \/>\n<strong>TEMA &#8211;<\/strong> <strong>O M\u00e9dico do Trabalho na Gest\u00e3o de Sa\u00fade Populacional, um olhar al\u00e9m da Gest\u00e3o de Cr\u00f4nicos<\/strong><br \/>\n<strong>OBJETIVOS \u2013 <\/strong>O evento cient\u00edfico tem por objetivo explicitar os conceitos te\u00f3ricos que sustentam a gest\u00e3o populacional, permitir a incorpora\u00e7\u00e3o de ferramentas para o m\u00e9dico do trabalho agir em sa\u00fade integral do trabalhador e de garantir intera\u00e7\u00e3o entre servi\u00e7os de sa\u00fade que j\u00e1 funcionam nessa nova l\u00f3gica de a\u00e7\u00e3o de sa\u00fade em ambiente de trabalho.<br \/>\n<strong>PALESTRANTES \u2013 <\/strong>M\u00e1rio Bonciani, Marcia Bandini, Alberto Ogata, Guilherme Salgado, Fernando Akio, Rita Passos, Leonardo Piovesan, Gentil Jorge e Eduardo Arantes<br \/>\n<strong>LOCAL &#8211; <\/strong>Associa\u00e7\u00e3o Paulista de Medicina do Trabalho<br \/>\n<strong>DATA \u2013 <\/strong>5 de agosto de 2017<br \/>\n<strong>VALOR<\/strong> &#8211; Gratuito para Associados da APMT, APM e ANAMT. Para n\u00e3o associados: 90,00<br \/>\n<strong>INCRI\u00c7\u00d5ES &#8211;<\/strong> Atrav\u00e9s do site da APM \u2013 <a href=\"http:\/\/www.apm.org.br\" target=\"_blank\" rel=\"noopener noreferrer\">www.apm.org.br<\/a> at\u00e9 o dia 29\/07\/2017<br \/>\nAp\u00f3s esta data, ser\u00e3o poss\u00edveis apenas inscri\u00e7\u00f5es para participa\u00e7\u00e3o presencial, a serem realizadas no local no dia do evento.<br \/>\n<u>Participa\u00e7\u00e3o Presencial e via Web Transmiss\u00e3o<\/u><\/p>\n<\/div>\n","protected":false},"excerpt":{"rendered":"<p>A APMT vem trabalhando forte em informa\u00e7\u00f5es de qualidade e relevantes para a atualiza\u00e7\u00e3o profissional dos nossos associados e parceiros. Assim, trazemos o calend\u00e1rio dos pr\u00f3ximos eventos. Participe! Reuni\u00e3o Cient\u00edfica TEMA &#8211; Linha de cuidado para a trabalhadora gestante e lactante OBJETIVOS &#8211; A Lei 13.287, de 11\/05\/2016 (DOU, Ed. Extra de 11\/05\/2016), que acrescenta [&hellip;]<\/p>\n","protected":false},"author":1,"featured_media":30316,"comment_status":"closed","ping_status":"closed","sticky":false,"template":"","format":"standard","meta":{"footnotes":""},"categories":[217],"tags":[],"_links":{"self":[{"href":"https:\/\/www.anamt.org.br\/portal\/wp-json\/wp\/v2\/posts\/30645"}],"collection":[{"href":"https:\/\/www.anamt.org.br\/portal\/wp-json\/wp\/v2\/posts"}],"about":[{"href":"https:\/\/www.anamt.org.br\/portal\/wp-json\/wp\/v2\/types\/post"}],"author":[{"embeddable":true,"href":"https:\/\/www.anamt.org.br\/portal\/wp-json\/wp\/v2\/users\/1"}],"replies":[{"embeddable":true,"href":"https:\/\/www.anamt.org.br\/portal\/wp-json\/wp\/v2\/comments?post=30645"}],"version-history":[{"count":0,"href":"https:\/\/www.anamt.org.br\/portal\/wp-json\/wp\/v2\/posts\/30645\/revisions"}],"wp:featuredmedia":[{"embeddable":true,"href":"https:\/\/www.anamt.org.br\/portal\/wp-json\/wp\/v2\/media\/30316"}],"wp:attachment":[{"href":"https:\/\/www.anamt.org.br\/portal\/wp-json\/wp\/v2\/media?parent=30645"}],"wp:term":[{"taxonomy":"category","embeddable":true,"href":"https:\/\/www.anamt.org.br\/portal\/wp-json\/wp\/v2\/categories?post=30645"},{"taxonomy":"post_tag","embeddable":true,"href":"https:\/\/www.anamt.org.br\/portal\/wp-json\/wp\/v2\/tags?post=30645"}],"curies":[{"name":"wp","href":"https:\/\/api.w.org\/{rel}","templated":true}]}}