{"id":30619,"date":"2017-05-26T11:00:09","date_gmt":"2017-05-26T14:00:09","guid":{"rendered":"https:\/\/www.anamt.org.br\/portal\/?p=30619"},"modified":"2017-05-26T11:00:09","modified_gmt":"2017-05-26T14:00:09","slug":"reducao-de-danos-no-tabagismo-sera-tema-de-debate-em-sao-paulo","status":"publish","type":"post","link":"https:\/\/www.anamt.org.br\/portal\/2017\/05\/26\/reducao-de-danos-no-tabagismo-sera-tema-de-debate-em-sao-paulo\/","title":{"rendered":"Redu\u00e7\u00e3o de danos no tabagismo ser\u00e1 tema de debate em S\u00e3o Paulo"},"content":{"rendered":"<p>No dia 8 de junho, das 14 \u00e0s 18 horas, a Sociedade Brasileira de Toxicologia (SBTox) realizar\u00e1, na Faculdade de Ci\u00eancias Farmac\u00eauticas da Universidade de S\u00e3o Paulo (USP), debate sobre redu\u00e7\u00e3o de danos no tabagismo. O evento faz parte do Ciclo de Cursos e Palestras em Toxicologia, que tem o prop\u00f3sito de impulsionar a discuss\u00e3o e atualiza\u00e7\u00e3o sobre os conhecimentos relacionados \u00e0 Toxicologia, abordando assuntos contempor\u00e2neos nas suas diferentes \u00e1reas de estudo.<\/p>\n<p>O m\u00f3dulo sobre redu\u00e7\u00e3o de danos no tabagismo tem o objetivo de promover o di\u00e1logo entre a comunidade acad\u00eamica e profissionais da sa\u00fade sobre o impacto do tabagismo na sa\u00fade p\u00fablica, as tend\u00eancias regulat\u00f3rias para o controle de tabagismo e a\u00e7\u00f5es de redu\u00e7\u00e3o de danos, aspectos toxicol\u00f3gicos e tecnologia para redu\u00e7\u00e3o de risco \u00e0 sa\u00fade.<\/p>\n<p>O encontro, cuja abertura ser\u00e1 realizada pela presidente da SBTox, Danielle Palma, ser\u00e1 dividido em duas mesas de debates. Intitulada \u201cImpacto do tabagismo na sa\u00fade p\u00fablica\u201d, a primeira reunir\u00e1 discuss\u00e3o sobre o custo social das doen\u00e7as relacionadas ao tabagismo, dirigida pela Dra. Jaqueline Scholz &#8211; diretora do Ambulat\u00f3rio de Tratamento do Tabagismo do InCor; a\u00e7\u00f5es nacionais promovidas pela Comiss\u00e3o Nacional para Implementa\u00e7\u00e3o da Conven\u00e7\u00e3o-Quadro para o Controle do Tabaco (CONICQ\/INCA), pela Dra. Tania Cavalcanti, secret\u00e1ria do \u00f3rg\u00e3o; e hist\u00f3rico regulat\u00f3rio e novos produtos fum\u00edgenos, pela Dra. Silvia Cazenave, superintendente da Ag\u00eancia Nacional de Vigil\u00e2ncia Sanit\u00e1ria (Anvisa) &#8211; 2014-2016.<\/p>\n<p>A segunda mesa, com o tema \u201cO controle do tabagismo: presente e futuro\u201d, estimular\u00e1 o debate sobre as tend\u00eancias globais para o controle do tabagismo, com apresenta\u00e7\u00e3o de M\u00f4nica Andreis &#8211; vice-diretora da Alian\u00e7a de Controle do Tabagismo (ACT); aspectos toxicol\u00f3gicos da redu\u00e7\u00e3o de danos de drogas l\u00edcitas, exposto pela toxicologista Dra. Alice Chasin; e novas tecnologias para redu\u00e7\u00e3o de risco \u00e0 sa\u00fade, pelo Dr. Marcus da Matta &#8211; consultor de pol\u00edticas p\u00fablicas em sa\u00fade ambiental.<\/p>\n<p>As inscri\u00e7\u00f5es s\u00e3o limitadas e gratuitas por meio do link <a href=\"https:\/\/www.sbtox.org\/ciclo\" data-saferedirecturl=\"https:\/\/www.google.com\/url?hl=pt-BR&amp;q=https:\/\/www.sbtox.org\/ciclo&amp;source=gmail&amp;ust=1495893066440000&amp;usg=AFQjCNEAkuRbZB8qq3dS-0EuCvoY5EgQ9g\">https:\/\/www.sbtox.org\/ciclo<\/a><\/p>\n<p><strong><u>Servi\u00e7o<\/u><\/strong><\/p>\n<p><strong>Ciclo de Debates: Redu\u00e7\u00e3o de Danos no Tabagismo<\/strong><\/p>\n<p><strong>Data:<\/strong> 8 de junho<\/p>\n<p><strong>Hor\u00e1rio: <\/strong>14 \u00e0s 18 horas<\/p>\n<p><strong>Local: <\/strong>Faculdade de Ci\u00eancias Farmac\u00eauticas da Universidade de S\u00e3o Paulo (USP) \u2013 Audit\u00f3rio Maria Aparecida Pourchet Campos<\/p>\n<p><strong>Endere\u00e7o:<\/strong> Avenida Prof. Lineu Prestes, 580 &#8211; Butant\u00e3, S\u00e3o Paulo (SP)<\/p>\n<p><strong>Inscri\u00e7\u00e3o:<\/strong> Gratuita<\/p>\n<p><strong>Sobre a Sociedade Brasileira de Toxicologia<\/strong><\/p>\n<p>Fundada em agosto de 1972, a Sociedade Brasileira de Toxicologia (SBTox) foi institu\u00edda como uma sociedade cient\u00edfica com o intuito de congregar docentes, profissionais, empresas e organiza\u00e7\u00f5es interessadas no desenvolvimento da Toxicologia no Brasil. A entidade dedica-se ao desenvolvimento cont\u00ednuo de conhecimento t\u00e9cnico-cient\u00edfico para o aprimoramento e garantia da sa\u00fade humana, assim como para a seguran\u00e7a de todos os organismos vivos e da prote\u00e7\u00e3o do seu ambiente.<\/p>\n","protected":false},"excerpt":{"rendered":"<p>No dia 8 de junho, das 14 \u00e0s 18 horas, a Sociedade Brasileira de Toxicologia (SBTox) realizar\u00e1, na Faculdade de Ci\u00eancias Farmac\u00eauticas da Universidade de S\u00e3o Paulo (USP), debate sobre redu\u00e7\u00e3o de danos no tabagismo. O evento faz parte do Ciclo de Cursos e Palestras em Toxicologia, que tem o prop\u00f3sito de impulsionar a discuss\u00e3o [&hellip;]<\/p>\n","protected":false},"author":1,"featured_media":30620,"comment_status":"closed","ping_status":"closed","sticky":false,"template":"","format":"standard","meta":{"footnotes":""},"categories":[78],"tags":[],"_links":{"self":[{"href":"https:\/\/www.anamt.org.br\/portal\/wp-json\/wp\/v2\/posts\/30619"}],"collection":[{"href":"https:\/\/www.anamt.org.br\/portal\/wp-json\/wp\/v2\/posts"}],"about":[{"href":"https:\/\/www.anamt.org.br\/portal\/wp-json\/wp\/v2\/types\/post"}],"author":[{"embeddable":true,"href":"https:\/\/www.anamt.org.br\/portal\/wp-json\/wp\/v2\/users\/1"}],"replies":[{"embeddable":true,"href":"https:\/\/www.anamt.org.br\/portal\/wp-json\/wp\/v2\/comments?post=30619"}],"version-history":[{"count":0,"href":"https:\/\/www.anamt.org.br\/portal\/wp-json\/wp\/v2\/posts\/30619\/revisions"}],"wp:featuredmedia":[{"embeddable":true,"href":"https:\/\/www.anamt.org.br\/portal\/wp-json\/wp\/v2\/media\/30620"}],"wp:attachment":[{"href":"https:\/\/www.anamt.org.br\/portal\/wp-json\/wp\/v2\/media?parent=30619"}],"wp:term":[{"taxonomy":"category","embeddable":true,"href":"https:\/\/www.anamt.org.br\/portal\/wp-json\/wp\/v2\/categories?post=30619"},{"taxonomy":"post_tag","embeddable":true,"href":"https:\/\/www.anamt.org.br\/portal\/wp-json\/wp\/v2\/tags?post=30619"}],"curies":[{"name":"wp","href":"https:\/\/api.w.org\/{rel}","templated":true}]}}