{"id":30615,"date":"2017-05-25T11:39:54","date_gmt":"2017-05-25T14:39:54","guid":{"rendered":"https:\/\/www.anamt.org.br\/portal\/?p=30615"},"modified":"2017-05-25T11:39:54","modified_gmt":"2017-05-25T14:39:54","slug":"acamt-promove-xx-jornada-catarinense-de-saude-ocupacional-em-agosto","status":"publish","type":"post","link":"https:\/\/www.anamt.org.br\/portal\/2017\/05\/25\/acamt-promove-xx-jornada-catarinense-de-saude-ocupacional-em-agosto\/","title":{"rendered":"ACAMT promove XX Jornada Catarinense de Sa\u00fade Ocupacional em agosto"},"content":{"rendered":"<p>A Associa\u00e7\u00e3o Catarinense de Medicina do Trabalho (ACAMT) promove, entre os dias 18 e 19 de agosto, a XX Jornada Catarinense de Sa\u00fade Ocupacional, em Crici\u00fama (SC). Para saber mais detalhes sobre o evento e sua programa\u00e7\u00e3o, acesse o site oficial <a href=\"http:\/\/www.acm.org.br\/acm\/acamt\/index.php\/informativos\/1170-xx-jornada-catarinense-de-saude-ocupacional\" target=\"_blank\">aqui<\/a>.<\/p>\n<p><a href=\"http:\/\/www.acm.org.br\/acm\/acamt\/index.php\/informativos\/1170-xx-jornada-catarinense-de-saude-ocupacional\"><img decoding=\"async\" class=\"alignnone size-full wp-image-30613\" src=\"https:\/\/www.anamt.org.br\/portal\/wp-content\/uploads\/2017\/05\/xx_jornada_catarinense_de_saude_ocupacional.jpg\" alt=\"\" width=\"600\" height=\"1109\" srcset=\"https:\/\/www.anamt.org.br\/portal\/wp-content\/uploads\/2017\/05\/xx_jornada_catarinense_de_saude_ocupacional-162x300.jpg 162w, https:\/\/www.anamt.org.br\/portal\/wp-content\/uploads\/2017\/05\/xx_jornada_catarinense_de_saude_ocupacional-200x370.jpg 200w, https:\/\/www.anamt.org.br\/portal\/wp-content\/uploads\/2017\/05\/xx_jornada_catarinense_de_saude_ocupacional-400x739.jpg 400w, https:\/\/www.anamt.org.br\/portal\/wp-content\/uploads\/2017\/05\/xx_jornada_catarinense_de_saude_ocupacional-554x1024.jpg 554w, https:\/\/www.anamt.org.br\/portal\/wp-content\/uploads\/2017\/05\/xx_jornada_catarinense_de_saude_ocupacional.jpg 600w\" sizes=\"(max-width: 600px) 100vw, 600px\" \/><\/a><\/p>\n","protected":false},"excerpt":{"rendered":"<p>A Associa\u00e7\u00e3o Catarinense de Medicina do Trabalho (ACAMT) promove, entre os dias 18 e 19 de agosto, a XX Jornada Catarinense de Sa\u00fade Ocupacional, em Crici\u00fama (SC). Para saber mais detalhes sobre o evento e sua programa\u00e7\u00e3o, acesse o site oficial aqui.<\/p>\n","protected":false},"author":1,"featured_media":30616,"comment_status":"closed","ping_status":"closed","sticky":false,"template":"","format":"standard","meta":{"footnotes":""},"categories":[217],"tags":[],"_links":{"self":[{"href":"https:\/\/www.anamt.org.br\/portal\/wp-json\/wp\/v2\/posts\/30615"}],"collection":[{"href":"https:\/\/www.anamt.org.br\/portal\/wp-json\/wp\/v2\/posts"}],"about":[{"href":"https:\/\/www.anamt.org.br\/portal\/wp-json\/wp\/v2\/types\/post"}],"author":[{"embeddable":true,"href":"https:\/\/www.anamt.org.br\/portal\/wp-json\/wp\/v2\/users\/1"}],"replies":[{"embeddable":true,"href":"https:\/\/www.anamt.org.br\/portal\/wp-json\/wp\/v2\/comments?post=30615"}],"version-history":[{"count":0,"href":"https:\/\/www.anamt.org.br\/portal\/wp-json\/wp\/v2\/posts\/30615\/revisions"}],"wp:featuredmedia":[{"embeddable":true,"href":"https:\/\/www.anamt.org.br\/portal\/wp-json\/wp\/v2\/media\/30616"}],"wp:attachment":[{"href":"https:\/\/www.anamt.org.br\/portal\/wp-json\/wp\/v2\/media?parent=30615"}],"wp:term":[{"taxonomy":"category","embeddable":true,"href":"https:\/\/www.anamt.org.br\/portal\/wp-json\/wp\/v2\/categories?post=30615"},{"taxonomy":"post_tag","embeddable":true,"href":"https:\/\/www.anamt.org.br\/portal\/wp-json\/wp\/v2\/tags?post=30615"}],"curies":[{"name":"wp","href":"https:\/\/api.w.org\/{rel}","templated":true}]}}