{"id":30510,"date":"2017-05-15T08:09:07","date_gmt":"2017-05-15T11:09:07","guid":{"rendered":"https:\/\/www.anamt.org.br\/portal\/?p=30510"},"modified":"2017-05-15T08:18:26","modified_gmt":"2017-05-15T11:18:26","slug":"mpt-defende-projeto-de-lei-que-proibe-uso-do-amianto","status":"publish","type":"post","link":"https:\/\/www.anamt.org.br\/portal\/2017\/05\/15\/mpt-defende-projeto-de-lei-que-proibe-uso-do-amianto\/","title":{"rendered":"Minist\u00e9rio P\u00fablico do Trabalho defende projeto de lei que pro\u00edbe uso do amianto"},"content":{"rendered":"<p>O Minist\u00e9rio P\u00fablico do Trabalho (MPT) defendeu nesta segunda-feira (8), em audi\u00eancia p\u00fablica no Senado, a aprova\u00e7\u00e3o de um projeto de lei que pro\u00edbe a extra\u00e7\u00e3o, industrializa\u00e7\u00e3o, importa\u00e7\u00e3o, transporte e armazenamento do amianto. O PLS 30\/2017, de autoria do senador Paulo Paim (PT-RS), est\u00e1 na Comiss\u00e3o de Infraestrutura e tamb\u00e9m impede a importa\u00e7\u00e3o e comercializa\u00e7\u00e3o de produtos que utilizem a fibra cancer\u00edgena como mat\u00e9ria-prima. O debate foi realizado na Comiss\u00e3o de Direitos Humanos e Legisla\u00e7\u00e3o Participativa (CDH) e teve participa\u00e7\u00e3o de trabalhadores, m\u00e9dicos, pol\u00edticos e representantes de entidades.<\/p>\n<p>O procurador do Trabalho Luciano Lima Leivas, que \u00e9 membro do Programa Nacional de Erradica\u00e7\u00e3o do Amianto do MPT, ressaltou os danos \u00e0 sa\u00fade causados pelo amianto e justificou a necessidade do banimento da subst\u00e2ncia ao afirmar que h\u00e1 viabilidade tecnol\u00f3gica e econ\u00f4mica para a substitui\u00e7\u00e3o de seu uso no processo produtivo.<\/p>\n<p>Al\u00e9m disso, o procurador afirmou que o poder p\u00fablico vem descumprindo a Conven\u00e7\u00e3o n\u00ba 162 da Organiza\u00e7\u00e3o Mundial do Trabalho (OIT) da qual o Brasil \u00e9 signat\u00e1rio. A norma prev\u00ea a proibi\u00e7\u00e3o do amianto se a medida for necess\u00e1ria para proteger a sa\u00fade do trabalhador. &#8220;Esse projeto de lei significa a concretiza\u00e7\u00e3o do plano jur\u00eddico nacional de uma obriga\u00e7\u00e3o internacional de direitos humanos e que tem o status de norma constitucional&#8221;, argumentou o Leivas.<\/p>\n<p>A Associa\u00e7\u00e3o Brasileira dos Expostos ao Amianto (Abrea) afirma que o contato com a crisotila representa um grave problema de sa\u00fade como a asbestose, doen\u00e7a pulmonar causada pela aspira\u00e7\u00e3o de p\u00f3 de amianto. Quando chega aos pulm\u00f5es, a fibra de crisotila causa inflama\u00e7\u00e3o dos tecidos, que leva \u00e0 fibrose, comprometendo seriamente as fun\u00e7\u00f5es do \u00f3rg\u00e3o.<\/p>\n<p>Outra doen\u00e7a praticamente exclusiva daqueles expostos ao amianto \u00e9 o mesotelioma, tipo de c\u00e2ncer da pleura que pode levar \u00e0 morte em apenas nove meses, conforme a Abrea. &#8220;N\u00e3o h\u00e1 limite considerado seguro para o uso do amianto. Se n\u00e3o \u00e9 poss\u00edvel afastar o risco, nada melhor do que precaver e prevenir&#8221;, afirmou Mauro Menezes, assessor jur\u00eddico da Abrea.<\/p>\n<h3>Proposta<\/h3>\n<p>Na justificativa da proposta, o senador Paulo Paim lembra que a Organiza\u00e7\u00e3o Internacional do Trabalho (OIT) calcula que ocorram anualmente cerca de 100 mil mortes no mundo relacionadas \u00e0 exposi\u00e7\u00e3o ao amianto.<br \/>\nO projeto estabelece uma grada\u00e7\u00e3o na entrada em vigor da proibi\u00e7\u00e3o com o objetivo de permitir que a minera\u00e7\u00e3o, a ind\u00fastria, o com\u00e9rcio e a utiliza\u00e7\u00e3o de produtos de amianto n\u00e3o sofram um &#8220;impacto econ\u00f4mico insuport\u00e1vel&#8221;.<\/p>\n<p><em>(Fonte: Procuradoria Geral do Trabalho)<\/em><\/p>\n","protected":false},"excerpt":{"rendered":"<p>O Minist\u00e9rio P\u00fablico do Trabalho (MPT) defendeu nesta segunda-feira (8), em audi\u00eancia p\u00fablica no Senado, a aprova\u00e7\u00e3o de um projeto de lei que pro\u00edbe a extra\u00e7\u00e3o, industrializa\u00e7\u00e3o, importa\u00e7\u00e3o, transporte e armazenamento do amianto. O PLS 30\/2017, de autoria do senador Paulo Paim (PT-RS), est\u00e1 na Comiss\u00e3o de Infraestrutura e tamb\u00e9m impede a importa\u00e7\u00e3o e comercializa\u00e7\u00e3o [&hellip;]<\/p>\n","protected":false},"author":1,"featured_media":26646,"comment_status":"closed","ping_status":"closed","sticky":false,"template":"","format":"standard","meta":{"footnotes":""},"categories":[79],"tags":[],"_links":{"self":[{"href":"https:\/\/www.anamt.org.br\/portal\/wp-json\/wp\/v2\/posts\/30510"}],"collection":[{"href":"https:\/\/www.anamt.org.br\/portal\/wp-json\/wp\/v2\/posts"}],"about":[{"href":"https:\/\/www.anamt.org.br\/portal\/wp-json\/wp\/v2\/types\/post"}],"author":[{"embeddable":true,"href":"https:\/\/www.anamt.org.br\/portal\/wp-json\/wp\/v2\/users\/1"}],"replies":[{"embeddable":true,"href":"https:\/\/www.anamt.org.br\/portal\/wp-json\/wp\/v2\/comments?post=30510"}],"version-history":[{"count":0,"href":"https:\/\/www.anamt.org.br\/portal\/wp-json\/wp\/v2\/posts\/30510\/revisions"}],"wp:featuredmedia":[{"embeddable":true,"href":"https:\/\/www.anamt.org.br\/portal\/wp-json\/wp\/v2\/media\/26646"}],"wp:attachment":[{"href":"https:\/\/www.anamt.org.br\/portal\/wp-json\/wp\/v2\/media?parent=30510"}],"wp:term":[{"taxonomy":"category","embeddable":true,"href":"https:\/\/www.anamt.org.br\/portal\/wp-json\/wp\/v2\/categories?post=30510"},{"taxonomy":"post_tag","embeddable":true,"href":"https:\/\/www.anamt.org.br\/portal\/wp-json\/wp\/v2\/tags?post=30510"}],"curies":[{"name":"wp","href":"https:\/\/api.w.org\/{rel}","templated":true}]}}