{"id":30336,"date":"2017-05-02T11:33:50","date_gmt":"2017-05-02T14:33:50","guid":{"rendered":"https:\/\/www.anamt.org.br\/portal\/?p=30336"},"modified":"2017-05-02T15:23:32","modified_gmt":"2017-05-02T18:23:32","slug":"revisao-da-nr-18-focara-instalacoes-eletricas-provisorias-e-protecao-coletiva","status":"publish","type":"post","link":"https:\/\/www.anamt.org.br\/portal\/2017\/05\/02\/revisao-da-nr-18-focara-instalacoes-eletricas-provisorias-e-protecao-coletiva\/","title":{"rendered":"Revis\u00e3o da NR 18 focar\u00e1 instala\u00e7\u00f5es el\u00e9tricas e prote\u00e7\u00e3o coletiva"},"content":{"rendered":"<p>O Comit\u00ea Permanente Nacional sobre Condi\u00e7\u00f5es e Meio Ambiente do Trabalho na Ind\u00fastria da Constru\u00e7\u00e3o &#8211; CPN pretende resgatar a participa\u00e7\u00e3o dos CPRs (Comit\u00eas Permanentes Regionais) e contar com a coopera\u00e7\u00e3o de todos para concluir o processo de revis\u00e3o da NR 18 (Condi\u00e7\u00f5es e Meio Ambiente de Trabalho na Ind\u00fastria da Constru\u00e7\u00e3o). Neste ano, ser\u00e3o revisados dois itens na norma: instala\u00e7\u00f5es el\u00e9tricas provis\u00f3rias e prote\u00e7\u00e3o coletiva. Esses pontos buscam prevenir os tipos de acidentes que mais ocorrem no setor, que s\u00e3o choque el\u00e9trico, quedas e soterramentos.<\/p>\n<p>Os apontamentos foram feitos na primeira reuni\u00e3o do ano CPN, em 22 e 23 de mar\u00e7o. Na ocasi\u00e3o, o engenheiro da Fundacentro\/PE, Mauricio Viana, tomou posse como coordenador do Comit\u00ea. O encontro, realizado na sede do Seconci-SP (Servi\u00e7o Social da Constru\u00e7\u00e3o de S\u00e3o Paulo), contou com a participa\u00e7\u00e3o de representantes das bancadas do governo, trabalhadores e empregadores.<\/p>\n<p>A reuni\u00e3o contou com a participa\u00e7\u00e3o de representantes dos CPRs de S\u00e3o Paulo, Santos, Goi\u00e1s, Minas Gerais, Rio de Janeiro e Pernambuco. Alguns tamb\u00e9m s\u00e3o membros do CPN.<\/p>\n<p><em>(Fonte: Fundacentro)<\/em><\/p>\n","protected":false},"excerpt":{"rendered":"<p>O Comit\u00ea Permanente Nacional sobre Condi\u00e7\u00f5es e Meio Ambiente do Trabalho na Ind\u00fastria da Constru\u00e7\u00e3o &#8211; CPN pretende resgatar a participa\u00e7\u00e3o dos CPRs (Comit\u00eas Permanentes Regionais) e contar com a coopera\u00e7\u00e3o de todos para concluir o processo de revis\u00e3o da NR 18 (Condi\u00e7\u00f5es e Meio Ambiente de Trabalho na Ind\u00fastria da Constru\u00e7\u00e3o). Neste ano, ser\u00e3o [&hellip;]<\/p>\n","protected":false},"author":1,"featured_media":30339,"comment_status":"closed","ping_status":"closed","sticky":false,"template":"","format":"standard","meta":{"footnotes":""},"categories":[79],"tags":[],"_links":{"self":[{"href":"https:\/\/www.anamt.org.br\/portal\/wp-json\/wp\/v2\/posts\/30336"}],"collection":[{"href":"https:\/\/www.anamt.org.br\/portal\/wp-json\/wp\/v2\/posts"}],"about":[{"href":"https:\/\/www.anamt.org.br\/portal\/wp-json\/wp\/v2\/types\/post"}],"author":[{"embeddable":true,"href":"https:\/\/www.anamt.org.br\/portal\/wp-json\/wp\/v2\/users\/1"}],"replies":[{"embeddable":true,"href":"https:\/\/www.anamt.org.br\/portal\/wp-json\/wp\/v2\/comments?post=30336"}],"version-history":[{"count":0,"href":"https:\/\/www.anamt.org.br\/portal\/wp-json\/wp\/v2\/posts\/30336\/revisions"}],"wp:featuredmedia":[{"embeddable":true,"href":"https:\/\/www.anamt.org.br\/portal\/wp-json\/wp\/v2\/media\/30339"}],"wp:attachment":[{"href":"https:\/\/www.anamt.org.br\/portal\/wp-json\/wp\/v2\/media?parent=30336"}],"wp:term":[{"taxonomy":"category","embeddable":true,"href":"https:\/\/www.anamt.org.br\/portal\/wp-json\/wp\/v2\/categories?post=30336"},{"taxonomy":"post_tag","embeddable":true,"href":"https:\/\/www.anamt.org.br\/portal\/wp-json\/wp\/v2\/tags?post=30336"}],"curies":[{"name":"wp","href":"https:\/\/api.w.org\/{rel}","templated":true}]}}