{"id":30305,"date":"2017-04-26T12:23:48","date_gmt":"2017-04-26T15:23:48","guid":{"rendered":"https:\/\/www.anamt.org.br\/portal\/?p=30305"},"modified":"2017-04-26T12:29:02","modified_gmt":"2017-04-26T15:29:02","slug":"iv-congresso-brasiliense-de-medicina-do-trabalho-3","status":"publish","type":"post","link":"https:\/\/www.anamt.org.br\/portal\/2017\/04\/26\/iv-congresso-brasiliense-de-medicina-do-trabalho-3\/","title":{"rendered":"ABRAMT promove IV Congresso Brasiliense de Medicina do Trabalho"},"content":{"rendered":"<p>Entre os dias 27 e 29 de abril, a Associa\u00e7\u00e3o Brasiliense de Medicina do Trabalho (ABRAMT) realizar\u00e1 em Bras\u00edlia (DF) o IV Congresso Brasiliense de Medicina do Trabalho. O evento reunir\u00e1 simp\u00f3sios, mesas tem\u00e1ticas e workshops sobre temas relacionados \u00e0 SST. Entre os participantes do evento, o presidente do CFM, Dr. Carlos Vital, Dr. Florentino Cardoso, presidente da AMB e Dra. Marcia Bandini, presidente da ANAMT.<\/p>\n","protected":false},"excerpt":{"rendered":"<p>Entre os dias 27 e 29 de abril, a Associa\u00e7\u00e3o Brasiliense de Medicina do Trabalho (ABRAMT) realizar\u00e1 em Bras\u00edlia (DF) o IV Congresso Brasiliense de Medicina do Trabalho. O evento reunir\u00e1 simp\u00f3sios, mesas tem\u00e1ticas e workshops sobre temas relacionados \u00e0 SST. Entre os participantes do evento, o presidente do CFM, Dr. Carlos Vital, Dr. Florentino [&hellip;]<\/p>\n","protected":false},"author":1,"featured_media":30307,"comment_status":"closed","ping_status":"closed","sticky":false,"template":"","format":"standard","meta":{"footnotes":""},"categories":[217],"tags":[],"_links":{"self":[{"href":"https:\/\/www.anamt.org.br\/portal\/wp-json\/wp\/v2\/posts\/30305"}],"collection":[{"href":"https:\/\/www.anamt.org.br\/portal\/wp-json\/wp\/v2\/posts"}],"about":[{"href":"https:\/\/www.anamt.org.br\/portal\/wp-json\/wp\/v2\/types\/post"}],"author":[{"embeddable":true,"href":"https:\/\/www.anamt.org.br\/portal\/wp-json\/wp\/v2\/users\/1"}],"replies":[{"embeddable":true,"href":"https:\/\/www.anamt.org.br\/portal\/wp-json\/wp\/v2\/comments?post=30305"}],"version-history":[{"count":0,"href":"https:\/\/www.anamt.org.br\/portal\/wp-json\/wp\/v2\/posts\/30305\/revisions"}],"wp:featuredmedia":[{"embeddable":true,"href":"https:\/\/www.anamt.org.br\/portal\/wp-json\/wp\/v2\/media\/30307"}],"wp:attachment":[{"href":"https:\/\/www.anamt.org.br\/portal\/wp-json\/wp\/v2\/media?parent=30305"}],"wp:term":[{"taxonomy":"category","embeddable":true,"href":"https:\/\/www.anamt.org.br\/portal\/wp-json\/wp\/v2\/categories?post=30305"},{"taxonomy":"post_tag","embeddable":true,"href":"https:\/\/www.anamt.org.br\/portal\/wp-json\/wp\/v2\/tags?post=30305"}],"curies":[{"name":"wp","href":"https:\/\/api.w.org\/{rel}","templated":true}]}}