{"id":30007,"date":"2017-04-03T16:40:51","date_gmt":"2017-04-03T19:40:51","guid":{"rendered":"https:\/\/www.anamt.org.br\/portal\/?p=30007"},"modified":"2017-04-04T11:25:35","modified_gmt":"2017-04-04T14:25:35","slug":"abril-verde-mpt-promove-exposicao-fotografica-sobre-a-importancia-da-seguranca-no-trabalho","status":"publish","type":"post","link":"https:\/\/www.anamt.org.br\/portal\/2017\/04\/03\/abril-verde-mpt-promove-exposicao-fotografica-sobre-a-importancia-da-seguranca-no-trabalho\/","title":{"rendered":"Abril Verde: MPT promove exposi\u00e7\u00e3o fotogr\u00e1fica sobre seguran\u00e7a no trabalho"},"content":{"rendered":"<p>Este m\u00eas, o Minist\u00e9rio P\u00fablico do Trabalho (MPT) promove o movimento Abril Verde, cujo objetivo \u00e9 mobilizar a sociedade para a preven\u00e7\u00e3o de doen\u00e7as relacionadas ao trabalho e reduzir os acidentes nesses locais e agravos \u00e0 sa\u00fade dos trabalhadores.<\/p>\n<p>Como parte da iniciativa, o MPT realizar\u00e1 a exposi\u00e7\u00e3o Trabalhadores, que ser\u00e1 exibida simultaneamente nas 24 Procuradorias-Regionais do Trabalho, Procuradoria Geral do Trabalho, al\u00e9m de uma vers\u00e3o reduzida C\u00e2mara dos Deputados, onde ficar\u00e1 por uma semana. A exposi\u00e7\u00e3o ser\u00e1 lan\u00e7ada em 5 de abril na PGT de Bras\u00edlia.<\/p>\n<p>A ANAMT apoia a iniciativa e destaca a import\u00e2ncia do MPT realizar uma iniciativa de conscientiza\u00e7\u00e3o da sociedade sobre o tema.<\/p>\n<p>Clique nas imagens para visualizar a galeria:<\/p>\n\n\t\t<style type=\"text\/css\">\n\t\t\t#gallery-1 {\n\t\t\t\tmargin: auto;\n\t\t\t}\n\t\t\t#gallery-1 .gallery-item {\n\t\t\t\tfloat: left;\n\t\t\t\tmargin-top: 10px;\n\t\t\t\ttext-align: center;\n\t\t\t\twidth: 20%;\n\t\t\t}\n\t\t\t#gallery-1 img {\n\t\t\t\tborder: 2px solid #cfcfcf;\n\t\t\t}\n\t\t\t#gallery-1 .gallery-caption {\n\t\t\t\tmargin-left: 0;\n\t\t\t}\n\t\t\t\/* see gallery_shortcode() in wp-includes\/media.php *\/\n\t\t<\/style>\n\t\t<div id='gallery-1' class='gallery galleryid-30007 gallery-columns-5 gallery-size-full'><dl class='gallery-item'>\n\t\t\t<dt class='gallery-icon portrait'>\n\t\t\t\t<a data-rel=\"iLightbox[postimages]\" data-title=\"MPT realiza a exposi\u00e7\u00e3o fotogr\u00e1fica Trabalhadores\" data-caption=\"\" href='https:\/\/www.anamt.org.br\/portal\/wp-content\/uploads\/2017\/04\/mpt_expo_trabalhadores_1.jpg'><img width=\"450\" height=\"600\" src=\"https:\/\/www.anamt.org.br\/portal\/wp-content\/uploads\/2017\/04\/mpt_expo_trabalhadores_1.jpg\" class=\"attachment-full size-full\" alt=\"mpt_expo_trabalhadores_1\" decoding=\"async\" srcset=\"https:\/\/www.anamt.org.br\/portal\/wp-content\/uploads\/2017\/04\/mpt_expo_trabalhadores_1-200x267.jpg 200w, https:\/\/www.anamt.org.br\/portal\/wp-content\/uploads\/2017\/04\/mpt_expo_trabalhadores_1-225x300.jpg 225w, https:\/\/www.anamt.org.br\/portal\/wp-content\/uploads\/2017\/04\/mpt_expo_trabalhadores_1-400x533.jpg 400w, https:\/\/www.anamt.org.br\/portal\/wp-content\/uploads\/2017\/04\/mpt_expo_trabalhadores_1.jpg 450w\" sizes=\"(max-width: 450px) 100vw, 450px\" \/><\/a>\n\t\t\t<\/dt><\/dl><dl class='gallery-item'>\n\t\t\t<dt class='gallery-icon portrait'>\n\t\t\t\t<a data-rel=\"iLightbox[postimages]\" data-title=\"MPT realiza a exposi\u00e7\u00e3o fotogr\u00e1fica Trabalhadores\" data-caption=\"\" href='https:\/\/www.anamt.org.br\/portal\/wp-content\/uploads\/2017\/04\/mpt_expo_trabalhadores_2.jpg'><img width=\"450\" height=\"600\" src=\"https:\/\/www.anamt.org.br\/portal\/wp-content\/uploads\/2017\/04\/mpt_expo_trabalhadores_2.jpg\" class=\"attachment-full size-full\" alt=\"mpt_expo_trabalhadores_2\" decoding=\"async\" srcset=\"https:\/\/www.anamt.org.br\/portal\/wp-content\/uploads\/2017\/04\/mpt_expo_trabalhadores_2-200x267.jpg 200w, https:\/\/www.anamt.org.br\/portal\/wp-content\/uploads\/2017\/04\/mpt_expo_trabalhadores_2-225x300.jpg 225w, https:\/\/www.anamt.org.br\/portal\/wp-content\/uploads\/2017\/04\/mpt_expo_trabalhadores_2-400x533.jpg 400w, https:\/\/www.anamt.org.br\/portal\/wp-content\/uploads\/2017\/04\/mpt_expo_trabalhadores_2.jpg 450w\" sizes=\"(max-width: 450px) 100vw, 450px\" \/><\/a>\n\t\t\t<\/dt><\/dl><dl class='gallery-item'>\n\t\t\t<dt class='gallery-icon portrait'>\n\t\t\t\t<a data-rel=\"iLightbox[postimages]\" data-title=\"MPT realiza a exposi\u00e7\u00e3o fotogr\u00e1fica Trabalhadores\" data-caption=\"\" href='https:\/\/www.anamt.org.br\/portal\/wp-content\/uploads\/2017\/04\/mpt_expo_trabalhadores_3.jpg'><img width=\"450\" height=\"600\" src=\"https:\/\/www.anamt.org.br\/portal\/wp-content\/uploads\/2017\/04\/mpt_expo_trabalhadores_3.jpg\" class=\"attachment-full size-full\" alt=\"mpt_expo_trabalhadores_3\" decoding=\"async\" srcset=\"https:\/\/www.anamt.org.br\/portal\/wp-content\/uploads\/2017\/04\/mpt_expo_trabalhadores_3-200x267.jpg 200w, https:\/\/www.anamt.org.br\/portal\/wp-content\/uploads\/2017\/04\/mpt_expo_trabalhadores_3-225x300.jpg 225w, https:\/\/www.anamt.org.br\/portal\/wp-content\/uploads\/2017\/04\/mpt_expo_trabalhadores_3-400x533.jpg 400w, https:\/\/www.anamt.org.br\/portal\/wp-content\/uploads\/2017\/04\/mpt_expo_trabalhadores_3.jpg 450w\" sizes=\"(max-width: 450px) 100vw, 450px\" \/><\/a>\n\t\t\t<\/dt><\/dl><dl class='gallery-item'>\n\t\t\t<dt class='gallery-icon portrait'>\n\t\t\t\t<a data-rel=\"iLightbox[postimages]\" data-title=\"MPT realiza a exposi\u00e7\u00e3o fotogr\u00e1fica Trabalhadores\" data-caption=\"\" href='https:\/\/www.anamt.org.br\/portal\/wp-content\/uploads\/2017\/04\/mpt_expo_trabalhadores_4.jpg'><img width=\"450\" height=\"600\" src=\"https:\/\/www.anamt.org.br\/portal\/wp-content\/uploads\/2017\/04\/mpt_expo_trabalhadores_4.jpg\" class=\"attachment-full size-full\" alt=\"mpt_expo_trabalhadores_4\" decoding=\"async\" srcset=\"https:\/\/www.anamt.org.br\/portal\/wp-content\/uploads\/2017\/04\/mpt_expo_trabalhadores_4-200x267.jpg 200w, https:\/\/www.anamt.org.br\/portal\/wp-content\/uploads\/2017\/04\/mpt_expo_trabalhadores_4-225x300.jpg 225w, https:\/\/www.anamt.org.br\/portal\/wp-content\/uploads\/2017\/04\/mpt_expo_trabalhadores_4-400x533.jpg 400w, https:\/\/www.anamt.org.br\/portal\/wp-content\/uploads\/2017\/04\/mpt_expo_trabalhadores_4.jpg 450w\" sizes=\"(max-width: 450px) 100vw, 450px\" \/><\/a>\n\t\t\t<\/dt><\/dl><dl class='gallery-item'>\n\t\t\t<dt class='gallery-icon portrait'>\n\t\t\t\t<a data-rel=\"iLightbox[postimages]\" data-title=\"MPT realiza a exposi\u00e7\u00e3o fotogr\u00e1fica Trabalhadores\" data-caption=\"\" href='https:\/\/www.anamt.org.br\/portal\/wp-content\/uploads\/2017\/04\/mpt_expo_trabalhadores_5.jpg'><img width=\"450\" height=\"600\" src=\"https:\/\/www.anamt.org.br\/portal\/wp-content\/uploads\/2017\/04\/mpt_expo_trabalhadores_5.jpg\" class=\"attachment-full size-full\" alt=\"mpt_expo_trabalhadores_5\" decoding=\"async\" srcset=\"https:\/\/www.anamt.org.br\/portal\/wp-content\/uploads\/2017\/04\/mpt_expo_trabalhadores_5-200x267.jpg 200w, https:\/\/www.anamt.org.br\/portal\/wp-content\/uploads\/2017\/04\/mpt_expo_trabalhadores_5-225x300.jpg 225w, https:\/\/www.anamt.org.br\/portal\/wp-content\/uploads\/2017\/04\/mpt_expo_trabalhadores_5-400x533.jpg 400w, https:\/\/www.anamt.org.br\/portal\/wp-content\/uploads\/2017\/04\/mpt_expo_trabalhadores_5.jpg 450w\" sizes=\"(max-width: 450px) 100vw, 450px\" \/><\/a>\n\t\t\t<\/dt><\/dl><br style=\"clear: both\" \/><dl class='gallery-item'>\n\t\t\t<dt class='gallery-icon portrait'>\n\t\t\t\t<a data-rel=\"iLightbox[postimages]\" data-title=\"MPT realiza a exposi\u00e7\u00e3o fotogr\u00e1fica Trabalhadores\" data-caption=\"\" href='https:\/\/www.anamt.org.br\/portal\/wp-content\/uploads\/2017\/04\/mpt_expo_trabalhadores_6.jpg'><img width=\"450\" height=\"600\" src=\"https:\/\/www.anamt.org.br\/portal\/wp-content\/uploads\/2017\/04\/mpt_expo_trabalhadores_6.jpg\" class=\"attachment-full size-full\" alt=\"mpt_expo_trabalhadores_6\" decoding=\"async\" srcset=\"https:\/\/www.anamt.org.br\/portal\/wp-content\/uploads\/2017\/04\/mpt_expo_trabalhadores_6-200x267.jpg 200w, https:\/\/www.anamt.org.br\/portal\/wp-content\/uploads\/2017\/04\/mpt_expo_trabalhadores_6-225x300.jpg 225w, https:\/\/www.anamt.org.br\/portal\/wp-content\/uploads\/2017\/04\/mpt_expo_trabalhadores_6-400x533.jpg 400w, https:\/\/www.anamt.org.br\/portal\/wp-content\/uploads\/2017\/04\/mpt_expo_trabalhadores_6.jpg 450w\" sizes=\"(max-width: 450px) 100vw, 450px\" \/><\/a>\n\t\t\t<\/dt><\/dl><dl class='gallery-item'>\n\t\t\t<dt class='gallery-icon portrait'>\n\t\t\t\t<a data-rel=\"iLightbox[postimages]\" data-title=\"MPT realiza a exposi\u00e7\u00e3o fotogr\u00e1fica Trabalhadores\" data-caption=\"\" href='https:\/\/www.anamt.org.br\/portal\/wp-content\/uploads\/2017\/04\/mpt_expo_trabalhadores_7.jpg'><img width=\"450\" height=\"600\" src=\"https:\/\/www.anamt.org.br\/portal\/wp-content\/uploads\/2017\/04\/mpt_expo_trabalhadores_7.jpg\" class=\"attachment-full size-full\" alt=\"mpt_expo_trabalhadores_7\" decoding=\"async\" srcset=\"https:\/\/www.anamt.org.br\/portal\/wp-content\/uploads\/2017\/04\/mpt_expo_trabalhadores_7-200x267.jpg 200w, https:\/\/www.anamt.org.br\/portal\/wp-content\/uploads\/2017\/04\/mpt_expo_trabalhadores_7-225x300.jpg 225w, https:\/\/www.anamt.org.br\/portal\/wp-content\/uploads\/2017\/04\/mpt_expo_trabalhadores_7-400x533.jpg 400w, https:\/\/www.anamt.org.br\/portal\/wp-content\/uploads\/2017\/04\/mpt_expo_trabalhadores_7.jpg 450w\" sizes=\"(max-width: 450px) 100vw, 450px\" \/><\/a>\n\t\t\t<\/dt><\/dl><dl class='gallery-item'>\n\t\t\t<dt class='gallery-icon portrait'>\n\t\t\t\t<a data-rel=\"iLightbox[postimages]\" data-title=\"MPT realiza a exposi\u00e7\u00e3o fotogr\u00e1fica Trabalhadores\" data-caption=\"\" href='https:\/\/www.anamt.org.br\/portal\/wp-content\/uploads\/2017\/04\/mpt_expo_trabalhadores_8.jpg'><img width=\"450\" height=\"600\" src=\"https:\/\/www.anamt.org.br\/portal\/wp-content\/uploads\/2017\/04\/mpt_expo_trabalhadores_8.jpg\" class=\"attachment-full size-full\" alt=\"mpt_expo_trabalhadores_8\" decoding=\"async\" srcset=\"https:\/\/www.anamt.org.br\/portal\/wp-content\/uploads\/2017\/04\/mpt_expo_trabalhadores_8-200x267.jpg 200w, https:\/\/www.anamt.org.br\/portal\/wp-content\/uploads\/2017\/04\/mpt_expo_trabalhadores_8-225x300.jpg 225w, https:\/\/www.anamt.org.br\/portal\/wp-content\/uploads\/2017\/04\/mpt_expo_trabalhadores_8-400x533.jpg 400w, https:\/\/www.anamt.org.br\/portal\/wp-content\/uploads\/2017\/04\/mpt_expo_trabalhadores_8.jpg 450w\" sizes=\"(max-width: 450px) 100vw, 450px\" \/><\/a>\n\t\t\t<\/dt><\/dl>\n\t\t\t<br style='clear: both' \/>\n\t\t<\/div>\n\n","protected":false},"excerpt":{"rendered":"<p>Este m\u00eas, o Minist\u00e9rio P\u00fablico do Trabalho (MPT) promove o movimento Abril Verde, cujo objetivo \u00e9 mobilizar a sociedade para a preven\u00e7\u00e3o de doen\u00e7as relacionadas ao trabalho e reduzir os acidentes nesses locais e agravos \u00e0 sa\u00fade dos trabalhadores. Como parte da iniciativa, o MPT realizar\u00e1 a exposi\u00e7\u00e3o Trabalhadores, que ser\u00e1 exibida simultaneamente nas 24 [&hellip;]<\/p>\n","protected":false},"author":1,"featured_media":30017,"comment_status":"closed","ping_status":"closed","sticky":false,"template":"","format":"standard","meta":{"footnotes":""},"categories":[78],"tags":[],"_links":{"self":[{"href":"https:\/\/www.anamt.org.br\/portal\/wp-json\/wp\/v2\/posts\/30007"}],"collection":[{"href":"https:\/\/www.anamt.org.br\/portal\/wp-json\/wp\/v2\/posts"}],"about":[{"href":"https:\/\/www.anamt.org.br\/portal\/wp-json\/wp\/v2\/types\/post"}],"author":[{"embeddable":true,"href":"https:\/\/www.anamt.org.br\/portal\/wp-json\/wp\/v2\/users\/1"}],"replies":[{"embeddable":true,"href":"https:\/\/www.anamt.org.br\/portal\/wp-json\/wp\/v2\/comments?post=30007"}],"version-history":[{"count":0,"href":"https:\/\/www.anamt.org.br\/portal\/wp-json\/wp\/v2\/posts\/30007\/revisions"}],"wp:featuredmedia":[{"embeddable":true,"href":"https:\/\/www.anamt.org.br\/portal\/wp-json\/wp\/v2\/media\/30017"}],"wp:attachment":[{"href":"https:\/\/www.anamt.org.br\/portal\/wp-json\/wp\/v2\/media?parent=30007"}],"wp:term":[{"taxonomy":"category","embeddable":true,"href":"https:\/\/www.anamt.org.br\/portal\/wp-json\/wp\/v2\/categories?post=30007"},{"taxonomy":"post_tag","embeddable":true,"href":"https:\/\/www.anamt.org.br\/portal\/wp-json\/wp\/v2\/tags?post=30007"}],"curies":[{"name":"wp","href":"https:\/\/api.w.org\/{rel}","templated":true}]}}