{"id":26648,"date":"2017-03-28T16:08:32","date_gmt":"2017-03-28T19:08:32","guid":{"rendered":"https:\/\/www.anamt.org.br\/portal\/?p=26648"},"modified":"2017-03-28T16:15:19","modified_gmt":"2017-03-28T19:15:19","slug":"debate-sobre-seguranca-e-saude-do-trabalhador-sera-realizado-no-ctn","status":"publish","type":"post","link":"https:\/\/www.anamt.org.br\/portal\/2017\/03\/28\/debate-sobre-seguranca-e-saude-do-trabalhador-sera-realizado-no-ctn\/","title":{"rendered":"Debate sobre Seguran\u00e7a e Sa\u00fade do Trabalhador ser\u00e1 realizado no CTN"},"content":{"rendered":"<p>A Funda\u00e7\u00e3o Jorge Duprat Figueiredo de Seguran\u00e7a e Medicina do Trabalho (Fundacentro), a partir deste m\u00eas de mar\u00e7o, dar\u00e1 in\u00edcio \u00e0 realiza\u00e7\u00e3o de um ciclo de debates cujo tema central \u00e9 <em>Seguran\u00e7a e sa\u00fade do trabalho em Debate: Uma Contribui\u00e7\u00e3o para as Pol\u00edticas P\u00fablicas<\/em>, que ocorrer\u00e1 nas \u00faltimas sextas-feiras de cada m\u00eas.<\/p>\n<p>Para essa primeira edi\u00e7\u00e3o, o tema ser\u00e1 \u201cSeguran\u00e7a e sa\u00fade no trabalho nas organiza\u00e7\u00f5es produtivas: \u00e9 necess\u00e1ria uma norma regulamentadora para estruturar, harmonizar e integrar a gest\u00e3o?\u201d, a ser realizado no audit\u00f3rio Edson Hatem, situado \u00e0 rua Capote Valente, 710 \u2013 Pinheiros \u2013 SP, no dia 31 de mar\u00e7o, das 14h \u00e0s 16h.<\/p>\n<p>Dando in\u00edcio ao ciclo de debates, o pesquisador Gilmar da Cunha Trivelato, da Coordena\u00e7\u00e3o de Higiene do Trabalho (CHT), abordar\u00e1 o tema relacionado com diretivas para a regulamenta\u00e7\u00e3o da seguran\u00e7a e sa\u00fade no trabalho. Ap\u00f3s a sua apresenta\u00e7\u00e3o, os debatedores representantes do governo, trabalhadores e empregadores ter\u00e3o um tempo determinado para argumenta\u00e7\u00e3o. Em seguida, o palestrante far\u00e1 a r\u00e9plica e o p\u00fablico tamb\u00e9m poder\u00e1 fazer perguntas, coment\u00e1rios e sugest\u00f5es.<\/p>\n<p>O intuito desta a\u00e7\u00e3o \u00e9 promover encontros mensais nos per\u00edodos de mar\u00e7o a junho e agosto a novembro deste ano, para discutir temas emergentes e relevantes que possam contribuir para a melhoria das pol\u00edticas p\u00fablicas relacionadas com a seguran\u00e7a e sa\u00fade do trabalhador, bem como promover o interc\u00e2mbio t\u00e9cnico-cient\u00edfico e fortalecer as parcerias. A coordena\u00e7\u00e3o \u00e9 feita pelos tecnologistas, Jos\u00e9 Dam\u00e1sio de Aquino e Rog\u00e9rio Galv\u00e3o da Silva; pelo especialista em pol\u00edticas p\u00fablicas e gest\u00e3o governamental, Marcelo Prudente de Assis; e pelos analistas em ci\u00eancia e tecnologia, Milda Jodelis e S\u00e9rgio Antonio dos Santos.<\/p>\n<p>Os organizadores do evento informam que a Fundacentro, em parceria com academias, atores sociais relevantes e governo federal, promove estudos, pesquisas e atividades para apoiar a formula\u00e7\u00e3o, implementa\u00e7\u00e3o e avalia\u00e7\u00e3o das pol\u00edticas p\u00fablicas. A institui\u00e7\u00e3o desempenha ao longo da hist\u00f3ria, o escopo de fomentar uma reflex\u00e3o a fim de construir o conhecimento no campo de SST.<\/p>\n<p>\u201cOs pa\u00edses que atualmente apresentam os melhores desempenhos em mat\u00e9ria de seguran\u00e7a e sa\u00fade no trabalho (SST) disp\u00f5em de marco legal que exige das organiza\u00e7\u00f5es produtivas, privadas ou p\u00fablicas, a gest\u00e3o integrada de todos os aspectos e riscos existentes nos locais de trabalho. As organiza\u00e7\u00f5es est\u00e3o obrigadas a implantar programas ou sistemas de preven\u00e7\u00e3o, sob a responsabilidade do empregador e com a participa\u00e7\u00e3o dos trabalhadores. Al\u00e9m disso, esses pa\u00edses disp\u00f5em de diretrizes espec\u00edficas para empresas de pequeno porte de forma a adotarem uma abordagem simplificada, menos burocr\u00e1tica, sem reduzir a prote\u00e7\u00e3o exigida legalmente para todos os trabalhadores\u201d, salienta Gilmar Trivelato.<\/p>\n<p>O pesquisador comenta ainda que no Brasil, o conjunto das normas regulamentadoras publicadas em 1978, n\u00e3o foi idealizado de forma a exigir que as empresas organizassem a gest\u00e3o de SST seguindo de forma plena os programas preventivos. A primeira novidade nesse sentido foi a exig\u00eancia do Programa de Preven\u00e7\u00e3o de Riscos Ambientais (NR n\u00ba 09), limitada aos riscos relacionados a agentes f\u00edsicos, qu\u00edmicos e biol\u00f3gicos.<\/p>\n<p>Ap\u00f3s, surgiram outras iniciativas setoriais, como por exemplo, o Programa de Condi\u00e7\u00f5es e meio Ambiente de Trabalho na Ind\u00fastria de Constru\u00e7\u00e3o (PCMAT), Norma Regulamentadora n\u00ba 18 &#8211; Condi\u00e7\u00f5es e Meio Ambiente de Trabalho na Ind\u00fastria da Constru\u00e7\u00e3o e o Programa de Gerenciamento de Riscos \u2013 Norma Regulamentadora n\u00ba 22 &#8211; Seguran\u00e7a e Sa\u00fade Ocupacional na Minera\u00e7\u00e3o.<\/p>\n<p>\u201cForam criadas outras normas setoriais, mas sem exigir a implementa\u00e7\u00e3o de um programa de preven\u00e7\u00e3o integrado e n\u00e3o necessariamente harm\u00f4nicas entre si. Apesar das recentes revis\u00f5es das NRs, observam-se inconsist\u00eancias no uso de termos e conceitos, exig\u00eancias conflitantes e aus\u00eancia de uma abordagem espec\u00edfica para as micros e pequenas empresas como exige a Lei\u201d, salienta Trivelato.<\/p>\n<p>Para esta etapa estar\u00e3o presentes como debatedores, o representante do governo, Jefferson Seibler, assessor da diretora do Departamento de Seguran\u00e7a e Sa\u00fade no Trabalho (DSST\/MT), Eva Patr\u00edcia Gon\u00e7alo Pires; o representante patronal Magnus Ribas Apost\u00f3lico, da Federa\u00e7\u00e3o Brasileira de Bancos (Febraban) e o assessor T\u00e9cnico da Presid\u00eancia da Fundacentro, Washington Aparecido dos Santos (Maradona), representando os trabalhadores.<\/p>\n<p>Visualize o <a href=\"http:\/\/fundacentro.gov.br\/cursos-e-eventos\/detalhe-do-evento\/2017\/3\/seguranca-e-saude-do-trabalhador-em-debate-uma-contruibuicao-para-as-politicas-publicas\" target=\"_blank\" data-saferedirecturl=\"https:\/\/www.google.com\/url?hl=pt-BR&amp;q=http:\/\/fundacentro.gov.br\/cursos-e-eventos\/detalhe-do-evento\/2017\/3\/seguranca-e-saude-do-trabalhador-em-debate-uma-contruibuicao-para-as-politicas-publicas&amp;source=gmail&amp;ust=1490810264672000&amp;usg=AFQjCNGAswAPs-8MCwYxNHWHUjULMiT6cQ\"><em>folder<\/em><\/a> e a <a href=\"http:\/\/fundacentro.gov.br\/cursos-e-eventos\/inscricao-no-evento\/661\" target=\"_blank\" data-saferedirecturl=\"https:\/\/www.google.com\/url?hl=pt-BR&amp;q=http:\/\/fundacentro.gov.br\/cursos-e-eventos\/inscricao-no-evento\/661&amp;source=gmail&amp;ust=1490810264672000&amp;usg=AFQjCNFsipEcD-onYMAkqZ6w9NVawvYaug\">ficha de inscri\u00e7\u00e3o<\/a><\/p>\n<p><em>(Fonte: Fundacentro)<\/em><\/p>\n","protected":false},"excerpt":{"rendered":"<p>A Funda\u00e7\u00e3o Jorge Duprat Figueiredo de Seguran\u00e7a e Medicina do Trabalho (Fundacentro), a partir deste m\u00eas de mar\u00e7o, dar\u00e1 in\u00edcio \u00e0 realiza\u00e7\u00e3o de um ciclo de debates cujo tema central \u00e9 Seguran\u00e7a e sa\u00fade do trabalho em Debate: Uma Contribui\u00e7\u00e3o para as Pol\u00edticas P\u00fablicas, que ocorrer\u00e1 nas \u00faltimas sextas-feiras de cada m\u00eas. Para essa primeira [&hellip;]<\/p>\n","protected":false},"author":1,"featured_media":26649,"comment_status":"closed","ping_status":"closed","sticky":false,"template":"","format":"standard","meta":{"footnotes":""},"categories":[78],"tags":[],"_links":{"self":[{"href":"https:\/\/www.anamt.org.br\/portal\/wp-json\/wp\/v2\/posts\/26648"}],"collection":[{"href":"https:\/\/www.anamt.org.br\/portal\/wp-json\/wp\/v2\/posts"}],"about":[{"href":"https:\/\/www.anamt.org.br\/portal\/wp-json\/wp\/v2\/types\/post"}],"author":[{"embeddable":true,"href":"https:\/\/www.anamt.org.br\/portal\/wp-json\/wp\/v2\/users\/1"}],"replies":[{"embeddable":true,"href":"https:\/\/www.anamt.org.br\/portal\/wp-json\/wp\/v2\/comments?post=26648"}],"version-history":[{"count":0,"href":"https:\/\/www.anamt.org.br\/portal\/wp-json\/wp\/v2\/posts\/26648\/revisions"}],"wp:featuredmedia":[{"embeddable":true,"href":"https:\/\/www.anamt.org.br\/portal\/wp-json\/wp\/v2\/media\/26649"}],"wp:attachment":[{"href":"https:\/\/www.anamt.org.br\/portal\/wp-json\/wp\/v2\/media?parent=26648"}],"wp:term":[{"taxonomy":"category","embeddable":true,"href":"https:\/\/www.anamt.org.br\/portal\/wp-json\/wp\/v2\/categories?post=26648"},{"taxonomy":"post_tag","embeddable":true,"href":"https:\/\/www.anamt.org.br\/portal\/wp-json\/wp\/v2\/tags?post=26648"}],"curies":[{"name":"wp","href":"https:\/\/api.w.org\/{rel}","templated":true}]}}