{"id":26489,"date":"2017-03-07T14:54:26","date_gmt":"2017-03-07T17:54:26","guid":{"rendered":"https:\/\/www.anamt.org.br\/portal\/?p=26489"},"modified":"2017-03-23T16:52:53","modified_gmt":"2017-03-23T19:52:53","slug":"a-contribuicao-da-medicina-do-trabalho-para-o-codigo-de-etica","status":"publish","type":"post","link":"https:\/\/www.anamt.org.br\/portal\/2017\/03\/07\/a-contribuicao-da-medicina-do-trabalho-para-o-codigo-de-etica\/","title":{"rendered":"A Contribui\u00e7\u00e3o da Medicina do Trabalho para o C\u00f3digo de \u00c9tica M\u00e9dica: debate promovido pela ANAMT re\u00fane especialistas em S\u00e3o Paulo"},"content":{"rendered":"<p><img decoding=\"async\" class=\"size-medium wp-image-26493 alignleft\" src=\"https:\/\/www.anamt.org.br\/portal\/wp-content\/uploads\/2017\/03\/debate_a_contribuicao_da_medicina_do_trabalho_ao_codigo_de_etica_medica-300x232.jpg\" alt=\"A Contribui\u00e7\u00e3o da Medicina do Trabalho para o C\u00f3digo de \u00c9tica M\u00e9dica: debate promovido pela ANAMT re\u00fane especialistas em S\u00e3o Paulo\" width=\"300\" height=\"232\" srcset=\"https:\/\/www.anamt.org.br\/portal\/wp-content\/uploads\/2017\/03\/debate_a_contribuicao_da_medicina_do_trabalho_ao_codigo_de_etica_medica-200x155.jpg 200w, https:\/\/www.anamt.org.br\/portal\/wp-content\/uploads\/2017\/03\/debate_a_contribuicao_da_medicina_do_trabalho_ao_codigo_de_etica_medica-300x232.jpg 300w, https:\/\/www.anamt.org.br\/portal\/wp-content\/uploads\/2017\/03\/debate_a_contribuicao_da_medicina_do_trabalho_ao_codigo_de_etica_medica.jpg 400w\" sizes=\"(max-width: 300px) 100vw, 300px\" \/>A ANAMT realizou no dia 7 de mar\u00e7o o debate A Contribui\u00e7\u00e3o da Medicina do Trabalho para o C\u00f3digo de \u00c9tica M\u00e9dica, evento ocorrido no audit\u00f3rio da Associa\u00e7\u00e3o M\u00e9dica Brasileira (AMB), em S\u00e3o Paulo (SP). A atividade tamb\u00e9m foi transmitida em tempo real pela internet.<\/p>\n<p>Foram realizadas tr\u00eas confer\u00eancias e um debate, que abordaram assuntos como \u00c9tica M\u00e9dica na Atualidade: Conflitos e Desafios para o Futuro, Import\u00e2ncia das Revis\u00f5es do C\u00f3digo de \u00c9tica M\u00e9dica, Exerc\u00edcio \u00c9tico Profissional: Aprendizados e Desafios da Medicina do Trabalho e Contribui\u00e7\u00f5es da Medicina do Trabalho para \u00c9tica M\u00e9dica. Entre os participantes do debate, a presidente da ANAMT, Marcia Bandini; o presidente da Associa\u00e7\u00e3o M\u00e9dica Brasileira (AMB), Dr. Florentino Cardoso, o corregedor do Conselho Federal de Medicina (CFM), Dr. Jos\u00e9 Fernando Vinagre; o diretor administrativo da ANAMT, Dr. Newton Lara; e o diretor de \u00e9tica e defesa profissional da Associa\u00e7\u00e3o, Dr. Jo\u00e3o Anast\u00e1cio Dias.<\/p>\n<p>&#8220;Foi um evento marcante, seja pelo alcance via internet para todo o pa\u00eds, seja pelos temas discutidos. A ANAMT entende que \u00e9 preciso preservar e fortalecer o que j\u00e1 foi conquistado no c\u00f3digo atual, como ressaltar a import\u00e2ncia do trabalho e das determinantes sociais, a autonomia do paciente\/trabalhador e do m\u00e9dico, e o sigilo profissional. Gostar\u00edamos de ver avan\u00e7os na prote\u00e7\u00e3o dos m\u00e9dicos contra abusos e viol\u00eancias que amea\u00e7am os m\u00e9dicos na atualidade&#8221;, pontou a presidente da ANAMT, Dra. Marcia Bandini.<\/p>\n<p>Entre os assuntos debatidos no evento, a revis\u00e3o do C\u00f3digo de \u00c9tica M\u00e9dica, cujo conte\u00fado est\u00e1 em revis\u00e3o no momento. O presidente da AMB, Dr. Florentino Cardoso, ressaltou a import\u00e2ncia do ajuste no documento. &#8220;\u00c9 importante que as Sociedades de Especialidade, m\u00e9dicos e sociedade civil possam contribuir nesse aprimoramento. Parab\u00e9ns \u00e0 ANAMT pela iniciativa!&#8221;.<\/p>\n<p>&nbsp;<\/p>\n","protected":false},"excerpt":{"rendered":"<p>Mudan\u00e7as valem para os setores de panifica\u00e7\u00e3o, confeitaria, a\u00e7ougue, mercearia, bares e restaurantes<\/p>\n","protected":false},"author":1,"featured_media":0,"comment_status":"closed","ping_status":"closed","sticky":false,"template":"","format":"standard","meta":{"footnotes":""},"categories":[78],"tags":[],"_links":{"self":[{"href":"https:\/\/www.anamt.org.br\/portal\/wp-json\/wp\/v2\/posts\/26489"}],"collection":[{"href":"https:\/\/www.anamt.org.br\/portal\/wp-json\/wp\/v2\/posts"}],"about":[{"href":"https:\/\/www.anamt.org.br\/portal\/wp-json\/wp\/v2\/types\/post"}],"author":[{"embeddable":true,"href":"https:\/\/www.anamt.org.br\/portal\/wp-json\/wp\/v2\/users\/1"}],"replies":[{"embeddable":true,"href":"https:\/\/www.anamt.org.br\/portal\/wp-json\/wp\/v2\/comments?post=26489"}],"version-history":[{"count":0,"href":"https:\/\/www.anamt.org.br\/portal\/wp-json\/wp\/v2\/posts\/26489\/revisions"}],"wp:attachment":[{"href":"https:\/\/www.anamt.org.br\/portal\/wp-json\/wp\/v2\/media?parent=26489"}],"wp:term":[{"taxonomy":"category","embeddable":true,"href":"https:\/\/www.anamt.org.br\/portal\/wp-json\/wp\/v2\/categories?post=26489"},{"taxonomy":"post_tag","embeddable":true,"href":"https:\/\/www.anamt.org.br\/portal\/wp-json\/wp\/v2\/tags?post=26489"}],"curies":[{"name":"wp","href":"https:\/\/api.w.org\/{rel}","templated":true}]}}