{"id":26483,"date":"2017-03-10T14:49:11","date_gmt":"2017-03-10T17:49:11","guid":{"rendered":"https:\/\/www.anamt.org.br\/portal\/?p=26483"},"modified":"2017-03-23T14:50:09","modified_gmt":"2017-03-23T17:50:09","slug":"radiacoes-ionizantes-e-seu-uso-e-riscos-no-contexto-da-nr-32","status":"publish","type":"post","link":"https:\/\/www.anamt.org.br\/portal\/2017\/03\/10\/radiacoes-ionizantes-e-seu-uso-e-riscos-no-contexto-da-nr-32\/","title":{"rendered":"Radia\u00e7\u00f5es Ionizantes e seu uso e riscos no contexto da NR 32"},"content":{"rendered":"<p>Com objetivo de disseminar e discutir o tema &#8220;Radia\u00e7\u00f5es Ionizantes no Contexto da <a href=\"http:\/\/trabalho.gov.br\/images\/Documentos\/SST\/NR\/NR32.pdf\" target=\"_blank\">Norma Regulamentadora n\u00ba 32 &#8211; Seguran\u00e7a e Sa\u00fade no Trabalho em Servi\u00e7os de Sa\u00fade<\/a>&#8220;, a Fundacentro e parceiros, realizaram, evento no dia 23 de mar\u00e7o, quinta-feira, das 8h30 \u00e0s 12h30, no audit\u00f3rio Edson Hatem, situado \u00e0 rua Capote Valente, 710 \u2013 andar intermedi\u00e1rio, em Pinheiros &#8211; SP.<\/p>\n<p>A coordena\u00e7\u00e3o t\u00e9cnica \u00e9 feita pela advogada Lucin\u00e9a A. Nucci, do Sindicato dos Hospitais, Cl\u00ednicas e Laborat\u00f3rios do Estado de S\u00e3o Paulo (Sindhosp); pelo auditor fiscal Albino Sampaio, da Superintend\u00eancia Regional do Trabalho e Emprego (SRTE); pelo m\u00e9dico do trabalho Marcelo Pustiglione, da Secretaria de Sa\u00fade e pela assessora da Diretoria T\u00e9cnica da Fundacentro, Tereza Luiza Ferreira.<\/p>\n<p>A norma com 11 anos, tem o prop\u00f3sito de estabelecer diretrizes b\u00e1sicas que possibilitem implantar medidas de prote\u00e7\u00e3o aos trabalhadores. Al\u00e9m disso, criou a Comiss\u00e3o Tripartite Permanente Nacional (CTPN), bem como as regionais que operam para sua implementa\u00e7\u00e3o. A Comiss\u00e3o Tripartite Parit\u00e1ria Regional do Estado de S\u00e3o Paulo (CTPR\/SP) realiza eventos, assim como esse, os quais s\u00e3o debatidos e explanados a utiliza\u00e7\u00e3o da NR n\u00ba 32 no ambiente de trabalho.<\/p>\n<p>Os organizadores informam ainda que a CTPR &#8211; NR n\u00ba 32 visa disseminar conhecimentos acerca de temas referentes \u00e0 segran\u00e7a e sa\u00fade no trabalho (SST) nos estabelecimentos de sa\u00fade. J\u00e1, o tema Radia\u00e7\u00f5es Ionizantes \u00e9 pouco debatido e existe uma car\u00eancia de entendimento e discuss\u00e3o acerca de seu uso neste ambiente.<br \/>\nA carga hor\u00e1ria \u00e9 de 4h30. Podem participar trabalhadores, profissionais, empregadores, gestores dos estabelecimentos de servi\u00e7os de sa\u00fade envolvidos pela NR 32.<\/p>\n<p>Informa\u00e7\u00f5es e inscri\u00e7\u00e3o podem ser obtidas com o Setor de Eventos, pelos telefones (11) 3066-6323 e 3066-6368, ou por e-mail: sev@fundacentro.gov.br.<\/p>\n<p>Visualize informa\u00e7\u00f5es sobre o evento <a href=\"http:\/\/fundacentro.gov.br\/cursos-e-eventos\/detalhe-do-evento\/2017\/3\/radiacoes-ionizantes-e-seu-uso-e-riscos-no-contexto-da-nr-32\" target=\"_blank\">na p\u00e1gina da institui\u00e7\u00e3o e fa\u00e7a a sua inscri\u00e7\u00e3o<\/a>.<\/p>\n","protected":false},"excerpt":{"rendered":"<p>Mudan\u00e7as valem para os setores de panifica\u00e7\u00e3o, confeitaria, a\u00e7ougue, mercearia, bares e restaurantes<\/p>\n","protected":false},"author":1,"featured_media":0,"comment_status":"closed","ping_status":"closed","sticky":false,"template":"","format":"standard","meta":{"footnotes":""},"categories":[78],"tags":[],"_links":{"self":[{"href":"https:\/\/www.anamt.org.br\/portal\/wp-json\/wp\/v2\/posts\/26483"}],"collection":[{"href":"https:\/\/www.anamt.org.br\/portal\/wp-json\/wp\/v2\/posts"}],"about":[{"href":"https:\/\/www.anamt.org.br\/portal\/wp-json\/wp\/v2\/types\/post"}],"author":[{"embeddable":true,"href":"https:\/\/www.anamt.org.br\/portal\/wp-json\/wp\/v2\/users\/1"}],"replies":[{"embeddable":true,"href":"https:\/\/www.anamt.org.br\/portal\/wp-json\/wp\/v2\/comments?post=26483"}],"version-history":[{"count":0,"href":"https:\/\/www.anamt.org.br\/portal\/wp-json\/wp\/v2\/posts\/26483\/revisions"}],"wp:attachment":[{"href":"https:\/\/www.anamt.org.br\/portal\/wp-json\/wp\/v2\/media?parent=26483"}],"wp:term":[{"taxonomy":"category","embeddable":true,"href":"https:\/\/www.anamt.org.br\/portal\/wp-json\/wp\/v2\/categories?post=26483"},{"taxonomy":"post_tag","embeddable":true,"href":"https:\/\/www.anamt.org.br\/portal\/wp-json\/wp\/v2\/tags?post=26483"}],"curies":[{"name":"wp","href":"https:\/\/api.w.org\/{rel}","templated":true}]}}