{"id":2581,"date":"2014-07-16T17:56:20","date_gmt":"2014-07-16T20:56:20","guid":{"rendered":"https:\/\/www.anamt.org.br\/portal\/2014\/07\/16\/nas-regioes-centro-oeste-norte-e-sudeste-fundacentro-realiza-eventos-gratuitos\/"},"modified":"2014-07-16T17:56:20","modified_gmt":"2014-07-16T20:56:20","slug":"nas-regioes-centro-oeste-norte-e-sudeste-fundacentro-realiza-eventos-gratuitos","status":"publish","type":"post","link":"https:\/\/www.anamt.org.br\/portal\/2014\/07\/16\/nas-regioes-centro-oeste-norte-e-sudeste-fundacentro-realiza-eventos-gratuitos\/","title":{"rendered":"Nas regi\u00f5es Centro-Oeste, Norte e Sudeste, Fundacentro realiza eventos gratuitos"},"content":{"rendered":"<p>Mato Grosso do Sul<\/p>\n<p><\/p>\n<p>No dia 22 de julho, das 17 \u00e0s 19 horas, acontecer\u00e1 na Fundacentro do Mato Grosso do Sul, a quarta etapa do Ciclo de Palestras T\u00e9cnicas sobre Seguran\u00e7a e Sa\u00fade no Trabalho. O evento abordar\u00e1 o tema: Riscos El\u00e9tricos em Canteiros de Obra. A palestra ter\u00e1 como objetivo divulgar informa\u00e7\u00f5es atualizadas sobre diferentes temas e pr\u00e1ticas bem sucedidas nas \u00e1reas de seguran\u00e7a e sa\u00fade no trabalho.<\/p>\n<p><\/p>\n<p>\u00e0 frente do assunto estar\u00e1 o auditor fiscal do trabalho, Kleber Pereira de Ara\u00fajo e Silva.<\/p>\n<p><\/p>\n<p>Para o evento ser\u00e3o disponibilizadas 40 vagas. A <a href=\"http:\/\/www.fundacentro.gov.br\/arquivos\/link\/noticias\/Ciclo%20de%20Palestras%20VI%20-%202014_20140715145951.doc\">ficha de inscri\u00e7\u00e3o<\/a> poder\u00e1 ser encaminhada por fax, e-mail ou pessoalmente. Para a taxa de inscri\u00e7\u00e3o ser\u00e1 solicitado 1kg de alimento n\u00e3o perec\u00edvel a ser doado para entidade assistencial.<\/p>\n<p><\/p>\n<p>Ainda no estado do Mato Grosso do Sul, a institui\u00e7\u00e3o promove nos dias 5, 6 e 7 de agosto, o curso: \u201cO m\u00e9todo da \u00e1rvore de causas na investiga\u00e7\u00e3o e an\u00e1lise de acidentes do trabalho\u201d, com 40 vagas dispon\u00edveis.<\/p>\n<p><\/p>\n<p>O palestrante e tecnologista da Fundacentro de SP, Leonidas Ramos Pandaggis, engenheiro de minas e de seguran\u00e7a do trabalho e mestre em engenharia pela Escola Polit\u00e9cnica da USP, ir\u00e1 apresentar durante os tr\u00eas dias de curso, os Programas de Seguran\u00e7a e Sa\u00fade das empresas e a investiga\u00e7\u00e3o de acidentes do trabalho, o fen\u00f4meno acidente e as concep\u00e7\u00f5es causais, o M\u00e9todo ADC, Requisitos necess\u00e1rios \u00e0 aplica\u00e7\u00e3o: dom\u00ednio e precis\u00e3o de linguagem; distin\u00e7\u00e3o entre fatos objetivos, opini\u00f5es, coment\u00e1rios e julgamentos, fundamentos te\u00f3ricos; conceitos e categorias de an\u00e1lise e as etapas do M\u00e9todo ADC.<\/p>\n<p><\/p>\n<p>O curso \u00e9 gratuito e destinado aos profissionais da \u00e1rea de seguran\u00e7a e sa\u00fade no trabalho, de recursos humanos, auditores fiscais, dirigentes sindicais e demais interessados que, fun\u00e7\u00e3o de suas atribui\u00e7\u00f5es, devam promover a investiga\u00e7\u00e3o e\/ou an\u00e1lise de acidentes do trabalho.<\/p>\n<p><\/p>\n<p>Os dois eventos acontecem na sede da Fundacentro, situada \u00e0 rua Geraldo Vasques, 66, Vila Costa Lima, Campo Grande, MS.<\/p>\n<p><\/p>\n<p>Aos interessados, preencher o modelo da <a href=\"http:\/\/www.fundacentro.gov.br\/arquivos\/link\/noticias\/Documento8_20140716164309.pdf\">ficha de inscri\u00e7\u00e3o<\/a> at\u00e9 o dia 28 de julho e enviar para o e-mail: erms@fundacentro.gov.br ou fax (67) 3321-2486.<\/p>\n<p><\/p>\n<p>A taxa de inscri\u00e7\u00e3o para esse curso ser\u00e1 a doa\u00e7\u00e3o de 5kg de alimentos n\u00e3o perec\u00edveis.<\/p>\n<p><\/p>\n<p>Par\u00e1<\/p>\n<p><\/p>\n<p>A Fundacentro no estado do Par\u00e1 ir\u00e1 sediar o Semin\u00e1rio Regional sobre Merc\u00fario e a conven\u00e7\u00e3o de Minamata no dia 7 de agosto, das 8h30 \u00e0s 17h30.<\/p>\n<p><\/p>\n<p>A programa\u00e7\u00e3o \u00e9 coordenada por Fernando Vieira Sobrinho, tecnologista na Fundacentro\/SP, e a organiza\u00e7\u00e3o local ser\u00e1 de Doracy Moraes de Souza e de Helio Vitor de Andrade Filho, tecnologistas na Fundacentro\/PA.<\/p>\n<p><\/p>\n<p>Al\u00e9m da Fundacentro, o evento conta com palestrantes do Minist\u00e9rio da Ci\u00eancia e Tecnologia, Minist\u00e9rio do Meio Ambiente, Instituto Evandro Chagas\/PA, entre outros.<\/p>\n<p><\/p>\n<p>A sede da Fundacentro no Par\u00e1 fica \u00e0 rua Bernal do Couto, 781, entre avenida General\u00edssimo Deodoro e travessa D. Romualdo de Seixas &#8211; Umarizal-Bel\u00e9m\/PA.<\/p>\n<p><\/p>\n<p>Foram disponibilizadas 110 vagas aos interessados no tema. Inscri\u00e7\u00f5es podem ser solicitadas via e-mail tecnico.cepa@fundacentro.gov.br at\u00e9 o dia 1\u00ba de agosto de 2014. As vagas s\u00e3o limitadas!<\/p>\n<p><\/p>\n<p>Mais informa\u00e7\u00f5es podem ser obtidas pelo e-mail: tecnico.cepa@fundacentro.gov.br ou pelo fone: (91) 3222-1973 ramal 04.<\/p>\n<p><\/p>\n<p>Solicitamos 01 pacote de leite a ser entregue no dia do evento para fins de doa\u00e7\u00e3o.<\/p>\n<p><\/p>\n<p>Rio de Janeiro<\/p>\n<p><\/p>\n<p>O Dia Nacional de Preven\u00e7\u00e3o de Acidentes do Trabalho n\u00e3o passar\u00e1 em branco no Rio de Janeiro. Em 29\/07, uma a\u00e7\u00e3o interinstitucional ser\u00e1 realizada na Esta\u00e7\u00e3o Carioca, localizada na avenida Rio Branco, 156, no Centro da cidade. Um dos objetivos \u00e9 conscientizar a popula\u00e7\u00e3o sobre o custo social e econ\u00f4mico dos acidentes e doen\u00e7as do trabalho. A participa\u00e7\u00e3o \u00e9 gratuita e n\u00e3o \u00e9 necess\u00e1rio se inscrever.<\/p>\n<p><\/p>\n<p>Haver\u00e1 pain\u00e9is sobre preven\u00e7\u00e3o de acidentes do trabalho; exemplos de inser\u00e7\u00e3o de trabalhadores reabilitados; exposi\u00e7\u00e3o de equipamentos e t\u00e9cnicas de seguran\u00e7a no trabalho e emiss\u00e3o de carteira do trabalho. Em rela\u00e7\u00e3o \u00e0 sa\u00fade, ser\u00e3o feitas medi\u00e7\u00e3o de glicose, aferi\u00e7\u00e3o de press\u00e3o arterial, exame de acuidade visual, prova de fun\u00e7\u00e3o pulmonar, exame de mama e gin\u00e1stica laboral. Tamb\u00e9m ser\u00e3o exibidos v\u00eddeos sobre doen\u00e7as sexualmente transmiss\u00edveis, alcoolismo e tabagismo.<\/p>\n<p><\/p>\n<p>A tecnologista da Fundacentro\/RJ, Maria Christina Felix, \u00e9 respons\u00e1vel pela coordena\u00e7\u00e3o t\u00e9cnica do evento. Entre as organizadoras da atividade, est\u00e3o: Fundacentro, Minist\u00e9rio do Trabalho e Emprego, Crea\/RJ (Conselho Regional de Engenharia e Agronomia), Sobes e Sobes-Rio (Sociedade Brasileira de Engenharia de Seguran\u00e7a), Clube de Engenharia, Abest (Academia Brasileira de Engenharia de Seguran\u00e7a do Trabalho), Metr\u00f4Rio, TRT (Tribunal Regional do Trabalho), Fasp-RJ (Federa\u00e7\u00e3o das Associa\u00e7\u00f5es e Sindicatos dos Servidores P\u00fablicos Estaduais e Municipais do Rio de Janeiro), Afiaserj e Lions Clube.<\/p>\n<p><\/p>\n<p><a href=\"http:\/\/www.fundacentro.gov.br\/arquivos\/link\/noticias\/DNPAT%202014-JPEG_20140716160843.jpg\">Confira o convite<\/a><\/p>\n<p><\/p>\n<p><em>Fonte: Fundacentro<\/em><\/p>\n","protected":false},"excerpt":{"rendered":"<p>Em julho e agosto, tr\u00eas estados receber\u00e3o palestras e semin\u00e1rios da institui\u00e7\u00e3o<\/p>\n","protected":false},"author":1,"featured_media":0,"comment_status":"closed","ping_status":"closed","sticky":false,"template":"","format":"standard","meta":{"footnotes":""},"categories":[8],"tags":[],"_links":{"self":[{"href":"https:\/\/www.anamt.org.br\/portal\/wp-json\/wp\/v2\/posts\/2581"}],"collection":[{"href":"https:\/\/www.anamt.org.br\/portal\/wp-json\/wp\/v2\/posts"}],"about":[{"href":"https:\/\/www.anamt.org.br\/portal\/wp-json\/wp\/v2\/types\/post"}],"author":[{"embeddable":true,"href":"https:\/\/www.anamt.org.br\/portal\/wp-json\/wp\/v2\/users\/1"}],"replies":[{"embeddable":true,"href":"https:\/\/www.anamt.org.br\/portal\/wp-json\/wp\/v2\/comments?post=2581"}],"version-history":[{"count":0,"href":"https:\/\/www.anamt.org.br\/portal\/wp-json\/wp\/v2\/posts\/2581\/revisions"}],"wp:attachment":[{"href":"https:\/\/www.anamt.org.br\/portal\/wp-json\/wp\/v2\/media?parent=2581"}],"wp:term":[{"taxonomy":"category","embeddable":true,"href":"https:\/\/www.anamt.org.br\/portal\/wp-json\/wp\/v2\/categories?post=2581"},{"taxonomy":"post_tag","embeddable":true,"href":"https:\/\/www.anamt.org.br\/portal\/wp-json\/wp\/v2\/tags?post=2581"}],"curies":[{"name":"wp","href":"https:\/\/api.w.org\/{rel}","templated":true}]}}