{"id":2235,"date":"2014-02-07T00:00:00","date_gmt":"2014-02-07T02:00:00","guid":{"rendered":"https:\/\/www.anamt.org.br\/portal\/2014\/02\/07\/alergia-a-cimento-detectada-em-pedreiro-foi-considerada-doenca-ocupacional-em-go\/"},"modified":"2014-02-07T00:00:00","modified_gmt":"2014-02-07T02:00:00","slug":"alergia-a-cimento-detectada-em-pedreiro-foi-considerada-doenca-ocupacional-em-go","status":"publish","type":"post","link":"https:\/\/www.anamt.org.br\/portal\/2014\/02\/07\/alergia-a-cimento-detectada-em-pedreiro-foi-considerada-doenca-ocupacional-em-go\/","title":{"rendered":"Alergia a cimento detectada em pedreiro foi considerada doen\u00e7a ocupacional em GO"},"content":{"rendered":"<p><em>Data: 7 de fevereiro<\/em><\/p>\n<p><\/p>\n<p>O Tribunal Regional do Trabalho da 18\u00aa; Regi\u00e3o (GO) manteve decis\u00e3o de primeiro grau que reconheceu como doen\u00e7a ocupacional alergia ao cimento adquirida por pedreiro, meses ap\u00f3s o in\u00edcio do pacto laboral, na empresa Tehcna Servi\u00e7os de Engenharia Ltda. A decis\u00e3o \u00e9 da Terceira Turma.<\/p>\n<p><\/p>\n<p>Consta dos autos que o trabalhador, em raz\u00e3o do contato direto com agentes qu\u00edmicos, poeira e cimento, passou a ter rea\u00e7\u00f5es al\u00e9rgicas na sua pele, especialmente nos bra\u00e7os.<\/p>\n<p><\/p>\n<p>Ao procurar um m\u00e9dico, descobriu que estava com uma doen\u00e7a chamada dermatite de contato e comunicou tal fato \u00e0 empresa. No entanto, de acordo com o obreiro, nada foi feito para minimizar o seu sofrimento, sendo mantido no mesmo lugar de trabalho e com as mesmas tarefas a serem realizadas.<\/p>\n<p><\/p>\n<p>A empresa alega que sempre foi zelosa com seus funcion\u00e1rios e quando demitiu o trabalhador e o submeteu ao exame m\u00e9dico demissional, ele foi considerado apto para exercer a fun\u00e7\u00e3o de pedreiro.<\/p>\n<p><\/p>\n<p>Outra argumenta\u00e7\u00e3o foi a de que o laudo apresentado pelo obreiro foi realizado por um profissional que n\u00e3o possu\u00eda especialidade na \u00e1rea de dermatologia.<\/p>\n<p><\/p>\n<p>Para a Turma, ficou provado nos autos, por meio de per\u00edcia, que a dermatite de contato, que acometeu o trabalhador, \u00e9 doen\u00e7a caracter\u00edstica ao exerc\u00edcio das fun\u00e7\u00f5es que o obreiro desenvolvia.<\/p>\n<p><\/p>\n<p>Segundo o relator do processo, desembargador Elvecio Moura, &#8220;as provas apresentadas nos autos n\u00e3o deixam d\u00favidas de que existiu o nexo de causalidade entre a doen\u00e7a e o dano sofrido pelo funcion\u00e1rio&#8221;.<\/p>\n<p><\/p>\n<p>Dessa forma, a Terceira Turma condenou a empresa Tehcna Servi\u00e7os de Engenharia Ltda ao pagamento de R$ 5 mil ao ex-funcion\u00e1rio a t\u00edtulo de danos morais.<\/p>\n<p><\/p>\n<p>O valor arbitrado pelos relator levou em considera\u00e7\u00e3o o fato de que a doen\u00e7a adquirida &#8220;n\u00e3o \u00e9 daquelas que cause repugn\u00e2ncia&#8221;.<\/p>\n<p><\/p>\n<p><em>Fonte: Revista Prote\u00e7\u00e3o<\/em><\/p>\n","protected":false},"excerpt":{"rendered":"<p>Doen\u00e7a foi desenvolvida pelo contato com agentes qu\u00edmicos como poeira e cimento<\/p>\n","protected":false},"author":1,"featured_media":0,"comment_status":"closed","ping_status":"closed","sticky":false,"template":"","format":"standard","meta":{"footnotes":""},"categories":[8],"tags":[],"_links":{"self":[{"href":"https:\/\/www.anamt.org.br\/portal\/wp-json\/wp\/v2\/posts\/2235"}],"collection":[{"href":"https:\/\/www.anamt.org.br\/portal\/wp-json\/wp\/v2\/posts"}],"about":[{"href":"https:\/\/www.anamt.org.br\/portal\/wp-json\/wp\/v2\/types\/post"}],"author":[{"embeddable":true,"href":"https:\/\/www.anamt.org.br\/portal\/wp-json\/wp\/v2\/users\/1"}],"replies":[{"embeddable":true,"href":"https:\/\/www.anamt.org.br\/portal\/wp-json\/wp\/v2\/comments?post=2235"}],"version-history":[{"count":0,"href":"https:\/\/www.anamt.org.br\/portal\/wp-json\/wp\/v2\/posts\/2235\/revisions"}],"wp:attachment":[{"href":"https:\/\/www.anamt.org.br\/portal\/wp-json\/wp\/v2\/media?parent=2235"}],"wp:term":[{"taxonomy":"category","embeddable":true,"href":"https:\/\/www.anamt.org.br\/portal\/wp-json\/wp\/v2\/categories?post=2235"},{"taxonomy":"post_tag","embeddable":true,"href":"https:\/\/www.anamt.org.br\/portal\/wp-json\/wp\/v2\/tags?post=2235"}],"curies":[{"name":"wp","href":"https:\/\/api.w.org\/{rel}","templated":true}]}}