{"id":19725,"date":"2017-03-11T17:40:32","date_gmt":"2017-03-11T20:40:32","guid":{"rendered":"https:\/\/www.anamt.org.br\/portal\/?p=19725"},"modified":"2017-03-11T18:55:06","modified_gmt":"2017-03-11T21:55:06","slug":"iv-congresso-brasiliense-de-medicina-do-trabalho-2","status":"publish","type":"post","link":"https:\/\/www.anamt.org.br\/portal\/2017\/03\/11\/iv-congresso-brasiliense-de-medicina-do-trabalho-2\/","title":{"rendered":"IV Congresso Brasiliense de Medicina do Trabalho"},"content":{"rendered":"<h5>Data<\/h5>\n<p>27\/04\/2017<\/p>\n<h5>Local<\/h5>\n<p>Bras\u00edlia<\/p>\n<p><a href=\"https:\/\/www.anamt.org.br\/portal\/wp-content\/uploads\/2017\/03\/evento_brasilia.jpg\"><img decoding=\"async\" class=\"alignnone size-full wp-image-19729\" src=\"https:\/\/www.anamt.org.br\/portal\/wp-content\/uploads\/2017\/03\/evento_brasilia.jpg\" alt=\"\" width=\"1129\" height=\"254\" srcset=\"https:\/\/www.anamt.org.br\/portal\/wp-content\/uploads\/2017\/03\/evento_brasilia-200x45.jpg 200w, https:\/\/www.anamt.org.br\/portal\/wp-content\/uploads\/2017\/03\/evento_brasilia-300x67.jpg 300w, https:\/\/www.anamt.org.br\/portal\/wp-content\/uploads\/2017\/03\/evento_brasilia-400x90.jpg 400w, https:\/\/www.anamt.org.br\/portal\/wp-content\/uploads\/2017\/03\/evento_brasilia-600x135.jpg 600w, https:\/\/www.anamt.org.br\/portal\/wp-content\/uploads\/2017\/03\/evento_brasilia-768x173.jpg 768w, https:\/\/www.anamt.org.br\/portal\/wp-content\/uploads\/2017\/03\/evento_brasilia-800x180.jpg 800w, https:\/\/www.anamt.org.br\/portal\/wp-content\/uploads\/2017\/03\/evento_brasilia-1024x230.jpg 1024w, https:\/\/www.anamt.org.br\/portal\/wp-content\/uploads\/2017\/03\/evento_brasilia.jpg 1129w\" sizes=\"(max-width: 1129px) 100vw, 1129px\" \/><\/a><\/p>\n<p>A Associa\u00e7\u00e3o Brasiliense de Medicina do Trabalho (ABRAMT) realizar\u00e1 o\u00a0IV Congresso Brasiliense de Medicina do Trabalho entre os dias 27 e 29 abril de 2017. Confira a programa\u00e7\u00e3o detalhada abaixo. Para se inscrever e saber mais informa\u00e7\u00f5es, <a href=\"http:\/\/www.abramt.org.br\/?\/evento\/1903\/IV+Congresso+Brasiliense+de+Medicina+do+Trabalho\/#conteudoCentro\">basta clicar aqui<\/a>.<\/p>\n<h3>27 de abril de 2017 (quinta-feira)<\/h3>\n<p><strong>Manh\u00e3\/Tarde<\/strong><\/p>\n<h5>Cursos Pr\u00e9-Congresso<\/h5>\n<ul>\n<li>C1. Gest\u00e3o do PCMSO<\/li>\n<li>C2.\u00a0Programas de Seguran\u00e7a e Sa\u00fade no Trabalho &#8211; Concep\u00e7\u00e3o e Gerenciamento<\/li>\n<li>C3. Per\u00edcia M\u00e9dica em Psiquiatria<\/li>\n<li>C4. Altera\u00e7\u00f5es radiol\u00f3gicas em ombro e coluna vertebral<\/li>\n<li>C5. Programa de Conserva\u00e7\u00e3o Auditiva: Avalia\u00e7\u00e3o dos riscos e gerenciamento da sa\u00fade<\/li>\n<\/ul>\n<p><strong>Tarde<\/strong><\/p>\n<h5>Simp\u00f3sio I<\/h5>\n<h5>Associa\u00e7\u00f5es de Seguran\u00e7a e Sa\u00fade Ocupacional<\/h5>\n<p>Confer\u00eancia: O Futuro das Associa\u00e7\u00f5es de Medicina do Trabalho e Sa\u00fade<\/p>\n<p>Ocupacional<\/p>\n<p>Apresenta\u00e7\u00f5es: ICOH, ALSO,ANAMT<\/p>\n<h5>Simp\u00f3sio II<\/h5>\n<h5>A\u00e7\u00e3o Nacional em defesa da Medicina e da Sa\u00fade no Brasil<\/h5>\n<p>Confer\u00eancia: Frente Parlamentar da Medicina<\/p>\n<p>Apresenta\u00e7\u00f5es: CFM, AMB, Sindm\u00e9dico DF<\/p>\n<h5>19h00 &#8211; Abertura Oficial do Evento<\/h5>\n<h3><strong>28 de abril de 2017 (sexta-feira)<\/strong><\/h3>\n<h4><strong>Manh\u00e3\/Tarde<\/strong><\/h4>\n<h5><strong>Mesas e Simp\u00f3sio<\/strong><\/h5>\n<p>Tema: Gest\u00e3o em Seguran\u00e7a e Sa\u00fade no Trabalho<\/p>\n<p><strong>Ci\u00eancia de Dados<\/strong><\/p>\n<ul>\n<li>Medicina baseada em evid\u00eancias<\/li>\n<li>ESocial e os impactos na SST<\/li>\n<\/ul>\n<p><strong>Tema: DORT, Fibromialgia e Dor cr\u00f4nica<\/strong><\/p>\n<ul>\n<li>Tendinopatias<\/li>\n<li>H\u00e9rnia de Disco<\/li>\n<li>Fibromialgia<\/li>\n<li>Dor cr\u00f4nica: tratamento e reabilita\u00e7\u00e3o<\/li>\n<li>Simp\u00f3sio \u2013 Ind\u00fastria Farmac\u00eautica<\/li>\n<\/ul>\n<p><strong>Confer\u00eancia: Dia Mundial da Seguran\u00e7a e Sa\u00fade no Trabalho<\/strong><\/p>\n<p>Tema: Per\u00edcia M\u00e9dica<\/p>\n<ul>\n<li>Medicina Previdenci\u00e1ria, Medicina do Trabalho e Assistencial<\/li>\n<li>Valora\u00e7\u00e3o do Dano Corporal: Tabela\/Baremos<\/li>\n<li>O M\u00e9dico Perito Auxiliar do Ju\u00edzo<\/li>\n<li>Tr\u00eas Anos da Lei do Ato M\u00e9dico e Destaques do Novo CPC<\/li>\n<\/ul>\n<p>Tema: Higiene Ocupacional<\/p>\n<ul>\n<li>Fiscaliza\u00e7\u00e3o em SST<\/li>\n<li>Avalia\u00e7\u00e3o de Risco Biol\u00f3gico \u2013 NR32<\/li>\n<li>Toxicologia Ocupacional: Agrot\u00f3xicos = Perfil cl\u00ednico ocupacional<\/li>\n<\/ul>\n<p>Tema: Ergonomia<\/p>\n<ul>\n<li>Check list OCRA e Nexo Causal<\/li>\n<li>Conforto T\u00e9rmico<\/li>\n<li>Trabalho de Turnos e Fadiga<\/li>\n<\/ul>\n<p>Tema: Forma\u00e7\u00e3o e Exerc\u00edcio \u00c9tico da Medicina do Trabalho<\/p>\n<ul>\n<li>Compet\u00eancias Requeridas para o Exerc\u00edcio da Medicina do Trabalho<\/li>\n<li>Atua\u00e7\u00e3o \u00c9tica do M\u00e9dico do Trabalho<\/li>\n<li>Bio\u00e9tica em Medicina do Trabalho<\/li>\n<li>Rela\u00e7\u00e3o do M\u00e9dico com o CRM<\/li>\n<\/ul>\n<h3>29 de abril de 2017 (S\u00e1bado)<\/h3>\n<h4><strong>Manh\u00e3\/Tarde<\/strong><\/h4>\n<h5>Workshop e Mesas<\/h5>\n<h5>O Workshop: Redes Sociais e Publicidade M\u00e9dica\/CODAME<\/h5>\n<p>Tema: Sa\u00fade Mental e Trabalho: Aspectos cl\u00ednicos e tratamento I<\/p>\n<ul>\n<li>Depend\u00eancia Qu\u00edmica<\/li>\n<li>Psicoses<\/li>\n<li>Suic\u00eddio<\/li>\n<\/ul>\n<p>Tema: Sa\u00fade Mental e Trabalho: Aspectos cl\u00ednicos e tratamento II<\/p>\n<ul>\n<li>Depress\u00e3o<\/li>\n<li>Transtorno do Humor Bipolar<\/li>\n<li>Transtornos Ansiosos<\/li>\n<\/ul>\n<p>Tema:Preven\u00e7\u00e3o e Promo\u00e7\u00e3o de Sa\u00fade: DCNT<\/p>\n<ul>\n<li>Cardiopatias e incapacidades<\/li>\n<li>C\u00e2ncer Ocupacional<\/li>\n<li>Envelhecimento e Trabalho<\/li>\n<li>Preven\u00e7\u00e3o de DCNT na Integra\u00e7\u00e3o Assistencial-Ocupacional<\/li>\n<\/ul>\n<p>Tema:Impacto da Promo\u00e7\u00e3o de Sa\u00fade nos Ambientes de Trabalho<\/p>\n<ul>\n<li>Avalia\u00e7\u00e3o de Riscos Psicossociais<\/li>\n<li>Burnout<\/li>\n<li>I impacto da Promo\u00e7\u00e3o de Sa\u00fade na Empresa<\/li>\n<\/ul>\n<p>Tema: Inclus\u00e3o e Diversidade nos Ambientes de Trabalho<\/p>\n<ul>\n<li>Adapta\u00e7\u00e3o, Acessibilidade e inclus\u00e3o da Pessoa com Defici\u00eancia<\/li>\n<li>Crit\u00e9rios de Enquadramento da Pessoa com Defici\u00eancia: IFBRA<\/li>\n<li>Avalia\u00e7\u00e3o Biopsicossocial e CIF<\/li>\n<\/ul>\n","protected":false},"excerpt":{"rendered":"<p>Data 27\/04\/2017 Local Bras\u00edlia A Associa\u00e7\u00e3o Brasiliense de Medicina do Trabalho (ABRAMT) realizar\u00e1 o\u00a0IV Congresso Brasiliense de Medicina do Trabalho entre os dias 27 e 29 abril de 2017. Confira a programa\u00e7\u00e3o detalhada abaixo. Para se inscrever e saber mais informa\u00e7\u00f5es, basta clicar aqui. 27 de abril de 2017 (quinta-feira) Manh\u00e3\/Tarde Cursos Pr\u00e9-Congresso C1. Gest\u00e3o [&hellip;]<\/p>\n","protected":false},"author":1,"featured_media":0,"comment_status":"closed","ping_status":"closed","sticky":false,"template":"","format":"standard","meta":{"footnotes":""},"categories":[190],"tags":[],"_links":{"self":[{"href":"https:\/\/www.anamt.org.br\/portal\/wp-json\/wp\/v2\/posts\/19725"}],"collection":[{"href":"https:\/\/www.anamt.org.br\/portal\/wp-json\/wp\/v2\/posts"}],"about":[{"href":"https:\/\/www.anamt.org.br\/portal\/wp-json\/wp\/v2\/types\/post"}],"author":[{"embeddable":true,"href":"https:\/\/www.anamt.org.br\/portal\/wp-json\/wp\/v2\/users\/1"}],"replies":[{"embeddable":true,"href":"https:\/\/www.anamt.org.br\/portal\/wp-json\/wp\/v2\/comments?post=19725"}],"version-history":[{"count":0,"href":"https:\/\/www.anamt.org.br\/portal\/wp-json\/wp\/v2\/posts\/19725\/revisions"}],"wp:attachment":[{"href":"https:\/\/www.anamt.org.br\/portal\/wp-json\/wp\/v2\/media?parent=19725"}],"wp:term":[{"taxonomy":"category","embeddable":true,"href":"https:\/\/www.anamt.org.br\/portal\/wp-json\/wp\/v2\/categories?post=19725"},{"taxonomy":"post_tag","embeddable":true,"href":"https:\/\/www.anamt.org.br\/portal\/wp-json\/wp\/v2\/tags?post=19725"}],"curies":[{"name":"wp","href":"https:\/\/api.w.org\/{rel}","templated":true}]}}