{"id":19723,"date":"2017-03-11T17:35:00","date_gmt":"2017-03-11T20:35:00","guid":{"rendered":"https:\/\/www.anamt.org.br\/portal\/?p=19723"},"modified":"2017-04-11T10:14:26","modified_gmt":"2017-04-11T13:14:26","slug":"xviii-seminario-sul-brasileiro-da-anamt","status":"publish","type":"post","link":"https:\/\/www.anamt.org.br\/portal\/2017\/03\/11\/xviii-seminario-sul-brasileiro-da-anamt\/","title":{"rendered":"XVIII Semin\u00e1rio Sul Brasileiro da ANAMT"},"content":{"rendered":"<h5>Data<\/h5>\n<p>04\/05\/2017<\/p>\n<h5>Local<\/h5>\n<p>Gramado (RS)<\/p>\n<p>A Associa\u00e7\u00e3o Nacional de Medicina do Trabalho \u2013 ANAMT j\u00e1 recebe inscri\u00e7\u00f5es e submiss\u00f5es de trabalhos acad\u00eamicos para o <a href=\"http:\/\/seminariosanamt.com.br\/18sulbrasileiro\/\" target=\"_blank\">18\u00ba Semin\u00e1rio Sul Brasileiro<\/a>, que acontecer\u00e1 em Gramado (RS) de 4 a 6 de maio. O evento traz como tem\u00e1tica principal \u201cDesafios atuais da Medicina do Trabalho \u2013 Compet\u00eancias requeridas para a gest\u00e3o das complexidades, incertezas e adversidades\u201d e discutir\u00e1 grande variedade de assuntos, al\u00e9m de oferecer cinco cursos pr\u00e9-semin\u00e1rio.<\/p>\n<p>A confer\u00eancia de abertura ficar\u00e1 a cargo da fil\u00f3sofa e escritora Viviane Mos\u00e9, com o tema \u201cVivendo hoje: \u00e9tica, cidadania e moral\u201d. Outros temas debatidos ser\u00e3o diversidade no ambiente de trabalho, riscos psicossociais e adoecimento dos trabalhadores e o papel do M\u00e9dico do Trabalho na gest\u00e3o integrada de sa\u00fade, seguran\u00e7a e meio ambiente. O Programa Trabalho Seguro, realizado pela ANAMT em parceria com o Tribunal Superior do Trabalho, tamb\u00e9m ser\u00e1 analisado com a participa\u00e7\u00e3o dos TRTs locais.<\/p>\n<p>No dia 4 de maio, antes da abertura oficial do evento, cinco cursos pr\u00e9-semin\u00e1rio ser\u00e3o ministrados: \u201cAtualiza\u00e7\u00e3o em Otorrinolaringologia aplicada \u00e0 Medicina do Trabalho\u201d, \u201cTranstornos Mentais e de Comportamento relacionados ao trabalho\u201d, \u201cAbordagem t\u00e9cnica do M\u00e9dico do Trabalho frente \u00e0s demandas judiciais trabalhistas\u201d, \u201cDoen\u00e7as Osteomusculares relacionadas ao trabalho\u201d e\u00a0\u201cPesquisa aplicada \u00e0 pr\u00e1tica da Medicina do Trabalho\u201d.<\/p>\n<p>Para a Presidente da ANAMT, Dra. Marcia Bandini, o 18\u00ba Semin\u00e1rio Sul \u00e9 uma oportunidade de integra\u00e7\u00e3o da classe e de atualiza\u00e7\u00e3o profissional: \u201cNos semin\u00e1rios regionais, a ANAMT se aproxima ainda mais dos profissionais de cada \u00e1rea do pa\u00eds por meio de discuss\u00f5es relevantes e de alto n\u00edvel t\u00e9cnico. Neste 18\u00ba Semin\u00e1rio Sul Brasileiro, propomos temas pertinentes ao momento que a Medicina do Trabalho e da Sa\u00fade do Trabalhador passam no pa\u00eds, como integra\u00e7\u00e3o e diversidade no ambiente de trabalho\u201d.<\/p>\n<h5>Inscri\u00e7\u00f5es e submiss\u00f5es de trabalhos cient\u00edficos est\u00e3o abertas<\/h5>\n<p>As inscri\u00e7\u00f5es para o 18\u00ba Semin\u00e1rio Sul Brasileiro j\u00e1 est\u00e3o abertas e devem ser feitas pelo site: <a href=\"http:\/\/seminariosanamt.com.br\/18sulbrasileiro\">seminariosanamt.com.br\/18sulbrasileiro<\/a>. Inscri\u00e7\u00f5es feitas at\u00e9 24 de mar\u00e7o t\u00eam desconto e membros da ANAMT\/APAMT\/ACAMT e SOGAMT contam com tarifas especiais. O evento tamb\u00e9m j\u00e1 recebe submiss\u00e3o de trabalhos cient\u00edficos. Os resumos devem ser enviados at\u00e9 dia 30 de mar\u00e7o e a divulga\u00e7\u00e3o da lista dos aprovados ser\u00e1 feita no dia 17 de abril. O regulamento completo est\u00e1 dispon\u00edvel no site <a href=\"http:\/\/seminariosanamt.com.br\/18sulbrasileiro\">seminariosanamt.com.br\/18sulbrasileiro<\/a><\/p>\n<p>Para inscri\u00e7\u00f5es, programa\u00e7\u00e3o cient\u00edfica completa e mais informa\u00e7\u00f5es sobre o evento, acesse: <a href=\"http:\/\/seminariosanamt.com.br\/\">http:\/\/seminariosanamt.com.br\/<\/a><\/p>\n<p>&nbsp;<\/p>\n","protected":false},"excerpt":{"rendered":"<p>Data 04\/05\/2017 Local Gramado (RS) A Associa\u00e7\u00e3o Nacional de Medicina do Trabalho \u2013 ANAMT j\u00e1 recebe inscri\u00e7\u00f5es e submiss\u00f5es de trabalhos acad\u00eamicos para o 18\u00ba Semin\u00e1rio Sul Brasileiro, que acontecer\u00e1 em Gramado (RS) de 4 a 6 de maio. O evento traz como tem\u00e1tica principal \u201cDesafios atuais da Medicina do Trabalho \u2013 Compet\u00eancias requeridas para [&hellip;]<\/p>\n","protected":false},"author":1,"featured_media":0,"comment_status":"closed","ping_status":"closed","sticky":false,"template":"","format":"standard","meta":{"footnotes":""},"categories":[190],"tags":[],"_links":{"self":[{"href":"https:\/\/www.anamt.org.br\/portal\/wp-json\/wp\/v2\/posts\/19723"}],"collection":[{"href":"https:\/\/www.anamt.org.br\/portal\/wp-json\/wp\/v2\/posts"}],"about":[{"href":"https:\/\/www.anamt.org.br\/portal\/wp-json\/wp\/v2\/types\/post"}],"author":[{"embeddable":true,"href":"https:\/\/www.anamt.org.br\/portal\/wp-json\/wp\/v2\/users\/1"}],"replies":[{"embeddable":true,"href":"https:\/\/www.anamt.org.br\/portal\/wp-json\/wp\/v2\/comments?post=19723"}],"version-history":[{"count":0,"href":"https:\/\/www.anamt.org.br\/portal\/wp-json\/wp\/v2\/posts\/19723\/revisions"}],"wp:attachment":[{"href":"https:\/\/www.anamt.org.br\/portal\/wp-json\/wp\/v2\/media?parent=19723"}],"wp:term":[{"taxonomy":"category","embeddable":true,"href":"https:\/\/www.anamt.org.br\/portal\/wp-json\/wp\/v2\/categories?post=19723"},{"taxonomy":"post_tag","embeddable":true,"href":"https:\/\/www.anamt.org.br\/portal\/wp-json\/wp\/v2\/tags?post=19723"}],"curies":[{"name":"wp","href":"https:\/\/api.w.org\/{rel}","templated":true}]}}