{"id":1830,"date":"2013-07-18T09:08:56","date_gmt":"2013-07-18T12:08:56","guid":{"rendered":"https:\/\/www.anamt.org.br\/portal\/2013\/07\/18\/dermatose-ocupacional-e-comum-na-construcao-civil\/"},"modified":"2013-07-18T09:08:56","modified_gmt":"2013-07-18T12:08:56","slug":"dermatose-ocupacional-e-comum-na-construcao-civil","status":"publish","type":"post","link":"https:\/\/www.anamt.org.br\/portal\/2013\/07\/18\/dermatose-ocupacional-e-comum-na-construcao-civil\/","title":{"rendered":"Dermatose ocupacional \u00e9 comum na Constru\u00e7\u00e3o Civil"},"content":{"rendered":"<p><em>Data: 17 de julho<\/em><\/p>\n<p>Os profissionais que atuam nas \u00e1reas de limpeza, constru\u00e7\u00e3o civil, mec\u00e2nica e metalurgia s\u00e3o os mais afetados pela dermatite de contato ocupacional, uma esp\u00e9cie de alergia de pele causada por agentes f\u00edsicos, qu\u00edmicos e biol\u00f3gicos presentes no ambiente de trabalho, que causa desconforto, dor, prurido (coceira), queima\u00e7\u00e3o e rea\u00e7\u00f5es psicossom\u00e1ticas que podem comprometer a sa\u00fade como um todo.<\/p>\n<p>Dos 1.735 pacientes atendidos entre 2000 e 2011 no Servi\u00e7o de Dermatologia Ocupacional da Escola Nacional de Sa\u00fade P\u00fablica Sergio Arouca, vinculada \u00e0 Fiocruz, 218 adquiriram a doen\u00e7a no ambiente de trabalho.<\/p>\n<p>Segundo a coordenadora do servi\u00e7o, Maria das Gra\u00e7as Mota Melo, as ocorr\u00eancias ocupacionais s\u00e3o subnotificadas devido ao desconhecimento sobre a legisla\u00e7\u00e3o das doen\u00e7as ocupacionais pelos profissionais de sa\u00fade da rede p\u00fablica e privada, a falta de integra\u00e7\u00e3o nos diversos n\u00edveis de assist\u00eancia e o d\u00e9ficit de servi\u00e7os de dermatologia ocupacional. &#8220;Quem acaba sendo penalizado \u00e9 o trabalhador, que n\u00e3o tem seus direitos reconhecidos&#8221;,disse a pesquisadora.<\/p>\n<p>De acordo com a coordenadora, os profissionais chegam com suspeita de dermatose ocupacional, que \u00e9 investigada. &#8220;Nos casos suspeitos aplicamos teste de contato para detectar a causa da alergia. A partir da\u00ed, o trabalho consiste em desvendar se essa alergia foi desenvolvida no exerc\u00edcio da atividade, e se estabelecer um nexo causal entre a doen\u00e7a e sua obten\u00e7\u00e3o durante esse per\u00edodo.&#8221;<\/p>\n<p>De acordo com a especialista, que tamb\u00e9m coordena o Departamento de Alergia\/Imunologia da regional Rio de Janeiro da Sociedade Brasileira de Dermatologia, os casos s\u00e3o mais comuns entre os homens, a partir dos 41 anos de idade. As partes do corpo mais acometidas s\u00e3o as m\u00e3os, antebra\u00e7os, bra\u00e7os e punhos, pernas e coxas e os p\u00e9s.<\/p>\n<p>&#8220;Encontramos varia\u00e7\u00f5es nos grupos profissionais de acordo com g\u00eanero. Nos homens, por exemplo, o grupo mais afetado est\u00e1 relacionado \u00e0 constru\u00e7\u00e3o civil e mec\u00e2nica\/metalurgia, enquanto, nas mulheres, a maioria dos casos foi observada nas profissionais de limpeza. As seis profiss\u00f5es mais frequentes estavam relacionadas a trabalho em ambiente \u00famido&#8221;,afirmou a pesquisadora.<\/p>\n<p><em>Fonte: Revista Prote\u00e7\u00e3o<\/em><\/p>\n","protected":false},"excerpt":{"rendered":"<p>Desconforto, dor, queima\u00e7\u00e3o e coceira s\u00e3o algumas das rea\u00e7\u00f5es causadas pela doen\u00e7a<\/p>\n","protected":false},"author":1,"featured_media":0,"comment_status":"closed","ping_status":"closed","sticky":false,"template":"","format":"standard","meta":{"footnotes":""},"categories":[8],"tags":[],"_links":{"self":[{"href":"https:\/\/www.anamt.org.br\/portal\/wp-json\/wp\/v2\/posts\/1830"}],"collection":[{"href":"https:\/\/www.anamt.org.br\/portal\/wp-json\/wp\/v2\/posts"}],"about":[{"href":"https:\/\/www.anamt.org.br\/portal\/wp-json\/wp\/v2\/types\/post"}],"author":[{"embeddable":true,"href":"https:\/\/www.anamt.org.br\/portal\/wp-json\/wp\/v2\/users\/1"}],"replies":[{"embeddable":true,"href":"https:\/\/www.anamt.org.br\/portal\/wp-json\/wp\/v2\/comments?post=1830"}],"version-history":[{"count":0,"href":"https:\/\/www.anamt.org.br\/portal\/wp-json\/wp\/v2\/posts\/1830\/revisions"}],"wp:attachment":[{"href":"https:\/\/www.anamt.org.br\/portal\/wp-json\/wp\/v2\/media?parent=1830"}],"wp:term":[{"taxonomy":"category","embeddable":true,"href":"https:\/\/www.anamt.org.br\/portal\/wp-json\/wp\/v2\/categories?post=1830"},{"taxonomy":"post_tag","embeddable":true,"href":"https:\/\/www.anamt.org.br\/portal\/wp-json\/wp\/v2\/tags?post=1830"}],"curies":[{"name":"wp","href":"https:\/\/api.w.org\/{rel}","templated":true}]}}